{"id":212090,"date":"2026-07-10T03:14:09","date_gmt":"2026-07-10T03:14:09","guid":{"rendered":"https:\/\/www.europesays.com\/ch-fr\/212090\/"},"modified":"2026-07-10T03:14:09","modified_gmt":"2026-07-10T03:14:09","slug":"lenovo-lance-a-lechelle-mondiale-son-nouveau-thinkpad-14-pouces-dote-de-64-go-de-memoire-vive-et-de-processeurs-intel-panther-lake","status":"publish","type":"post","link":"https:\/\/www.europesays.com\/ch-fr\/212090\/","title":{"rendered":"Lenovo lance \u00e0 l&rsquo;\u00e9chelle mondiale son nouveau ThinkPad 14 pouces, dot\u00e9 de 64 Go de m\u00e9moire vive et de processeurs Intel Panther Lake"},"content":{"rendered":"<p class=\"bodytext\">Par cons\u00e9quent, le ThinkPad T14s 2-en-1 Gen 2 ne peut \u00eatre configur\u00e9 qu\u2019avec un maximum de 32 Go de m\u00e9moire vive LPDDR5X au Canada et aux \u00c9tats-Unis. En revanche, l\u2019Asie de l\u2019Est et l\u2019Asie du Sud-Est disposent de mod\u00e8les dot\u00e9s de 64 Go de m\u00e9moire vive, associ\u00e9s \u00e0 des processeurs haut de gamme. Cela mis \u00e0 part, le ThinkPad T14s 2-en-1 Gen 2 peut \u00e9galement \u00eatre configur\u00e9 avec jusqu\u2019\u00e0 1 To de stockage M.2 2280 et une gamme d\u2019\u00e9crans 1200p. Bien que tous ces \u00e9crans soient \u00e9galement des dalles \u00e0 60 Hz, certains atteignent une luminosit\u00e9 maximale de 500 nits en mode SDR avec une couverture de 100 % de l\u2019espace colorim\u00e9trique sRGB.<\/p>\n<p class=\"bodytext\">De plus, Lenovo int\u00e8gre une batterie de 58 Wh, un stylet Garaged Pen, des modems cellulaires en option et un lecteur de cartes \u00e0 puce. \u00c0 titre indicatif, Lenovo a int\u00e9gr\u00e9 l\u2019ensemble de ce mat\u00e9riel dans un bo\u00eetier de 313 x 224 x 12,06~17,84 mm pesant 1,35 kg. Les prix commencent \u00e0 1 689 $ aux \u00c9tats-Unis et \u00e0 2 438 CAD au Canada. Par ailleurs, ce nouveau 2-en-1 co\u00fbte 14 045 HKD \u00e0 Hong Kong, 7 329 MYR en Malaisie et 2 676 SGD \u00e0 Singapour. Veuillez consulter <a href=\"https:\/\/www.lenovo.com\/us\/en\/p\/laptops\/thinkpad\/thinkpadt\/thinkpad-t14s-2-in-1-gen-2-14-inch-intel\/len101t0163\" target=\"_blank\" rel=\"nofollow noopener\">le site Web de Lenovo<\/a> pour plus de d\u00e9tails.<\/p>\n","protected":false},"excerpt":{"rendered":"Par cons\u00e9quent, le ThinkPad T14s 2-en-1 Gen 2 ne peut \u00eatre configur\u00e9 qu\u2019avec un maximum de 32 Go&hellip;\n","protected":false},"author":2,"featured_media":212091,"comment_status":"","ping_status":"","sticky":false,"template":"","format":"standard","meta":{"footnotes":"","_share_on_mastodon":"0"},"categories":[7],"tags":[74,4821,4822,8106,8108,70,5916,72,71,61,57,59,58,23,60,62,73,11187,34903,34904],"class_list":["post-212090","post","type-post","status-publish","format-standard","has-post-thumbnail","category-sciences-et-technologies","tag-informations-sur-des-ordinateurs-portatifs","tag-intel","tag-intel-panther-lake","tag-lenovo","tag-lenovo-thinkpad","tag-nouvelles","tag-panther-lake","tag-rapport","tag-revues","tag-science","tag-science-and-technology","tag-sciences","tag-sciences-et-technologies","tag-suisse","tag-technologies","tag-technology","tag-test","tag-thinkpad-t14s","tag-thinkpad-t14s-2-en-1","tag-thinkpad-t14s-2-en-1-gen-2"],"share_on_mastodon":{"url":"https:\/\/pubeurope.com\/@ch_fr\/116893506868225247","error":""},"_links":{"self":[{"href":"https:\/\/www.europesays.com\/ch-fr\/wp-json\/wp\/v2\/posts\/212090","targetHints":{"allow":["GET"]}}],"collection":[{"href":"https:\/\/www.europesays.com\/ch-fr\/wp-json\/wp\/v2\/posts"}],"about":[{"href":"https:\/\/www.europesays.com\/ch-fr\/wp-json\/wp\/v2\/types\/post"}],"author":[{"embeddable":true,"href":"https:\/\/www.europesays.com\/ch-fr\/wp-json\/wp\/v2\/users\/2"}],"replies":[{"embeddable":true,"href":"https:\/\/www.europesays.com\/ch-fr\/wp-json\/wp\/v2\/comments?post=212090"}],"version-history":[{"count":0,"href":"https:\/\/www.europesays.com\/ch-fr\/wp-json\/wp\/v2\/posts\/212090\/revisions"}],"wp:featuredmedia":[{"embeddable":true,"href":"https:\/\/www.europesays.com\/ch-fr\/wp-json\/wp\/v2\/media\/212091"}],"wp:attachment":[{"href":"https:\/\/www.europesays.com\/ch-fr\/wp-json\/wp\/v2\/media?parent=212090"}],"wp:term":[{"taxonomy":"category","embeddable":true,"href":"https:\/\/www.europesays.com\/ch-fr\/wp-json\/wp\/v2\/categories?post=212090"},{"taxonomy":"post_tag","embeddable":true,"href":"https:\/\/www.europesays.com\/ch-fr\/wp-json\/wp\/v2\/tags?post=212090"}],"curies":[{"name":"wp","href":"https:\/\/api.w.org\/{rel}","templated":true}]}}