{"id":212472,"date":"2026-07-10T10:12:09","date_gmt":"2026-07-10T10:12:09","guid":{"rendered":"https:\/\/www.europesays.com\/ch-fr\/212472\/"},"modified":"2026-07-10T10:12:09","modified_gmt":"2026-07-10T10:12:09","slug":"amenagement-de-la-route-de-courgenay-a-porrentruy-debut-des-travaux","status":"publish","type":"post","link":"https:\/\/www.europesays.com\/ch-fr\/212472\/","title":{"rendered":"Am\u00e9nagement de la route de Courgenay \u00e0 Porrentruy, d\u00e9but des travaux"},"content":{"rendered":"<p>Date : 10.07.2026 09:00:00 <\/p>\n<p>\u00a0<\/p>\n<p class=\"wysiwyg-h4\">Les travaux d&rsquo;am\u00e9nagement de la route cantonale n\u00b0 6 \u00ab\u00a0route de Courgenay\u00a0\u00bb \u00e0 Porrentruy vont d\u00e9buter le 3 ao\u00fbt 2026 par la r\u00e9alisation de la 1\u00e8re \u00e9tape. R\u00e9alis\u00e9s en trois \u00e9tapes, ces travaux dureront jusqu\u2019en 2028. C\u2019est un investissement total de pr\u00e8s de cinq millions de francs qui sera effectu\u00e9 par la Ville et le Canton.<\/p>\n<p class=\"wysiwyg-nr\">\u00a0<\/p>\n<p>La portion de la RC 6 dans la ville de Porrentruy, appel\u00e9e \u00ab\u00a0route de Courgenay\u00a0\u00bb, reliant les giratoires du Gambrinus et du Voyeboeuf, est en passe d\u2019\u00eatre enti\u00e8rement r\u00e9am\u00e9nag\u00e9e. Cette r\u00e9alisation, d&rsquo;une longueur d\u2019un kilom\u00e8tre, d\u00e9butera le 3 ao\u00fbt 2026 et se terminera durant le deuxi\u00e8me semestre de 2028.<\/p>\n<p>Les travaux de la premi\u00e8re \u00e9tape, d\u2019une longueur d&rsquo;environ 140 m, concernent le tron\u00e7on situ\u00e9 entre le giratoire du Gambrinus et le chemin de la Perche. Il s&rsquo;agit d\u2019op\u00e9rations de g\u00e9nie civil incluant les terrassements, l&#8217;empierrement du fond de chauss\u00e9e, la mise en place de canalisations ainsi que la r\u00e9alisation des pavages, des bordures et des rev\u00eatements. Ils impliquent une fermeture compl\u00e8te de la chauss\u00e9e pour une p\u00e9riode de neuf \u00e0 dix semaines.<\/p>\n<p>L\u2019acc\u00e8s aux commerces sera maintenu durant toute la dur\u00e9e du chantier.<\/p>\n<p>Pr\u00e8s de 10\u2019000 v\u00e9hicules utilisent quotidiennement cette art\u00e8re. Ces travaux repr\u00e9sentent un d\u00e9fi pour la gestion du trafic. A cet effet, le carrefour situ\u00e9 sur la route d\u2019Alle (RC 247), au droit du viaduc de l\u2019Allaine, sera r\u00e9organis\u00e9 en giratoire durant toute la dur\u00e9e des travaux.<\/p>\n<p>Conscientes des r\u00e9percussions importantes du chantier sur les habitants du quartier, les autorit\u00e9s ont men\u00e9 des concertations avec les commer\u00e7ants, les propri\u00e9taires priv\u00e9s et les riverains. Un acc\u00e8s pi\u00e9tonnier sera garanti en tout temps.<\/p>\n<p>Des am\u00e9nagements importants sont \u00e9galement pr\u00e9vus dans le cadre des travaux de 2027 afin d&rsquo;am\u00e9liorer les conditions de circulation des deux-roues. En particulier, l&rsquo;installation de ralentisseurs ainsi que le r\u00e9tr\u00e9cissement de la chauss\u00e9e \u00e0 l&rsquo;intersection du chemin des Bains renforceront la s\u00e9curit\u00e9 des cyclistes.<\/p>\n<p>Les usagers sont invit\u00e9s \u00e0 respecter la signalisation mise en place durant toute la dur\u00e9e des travaux. Les autorit\u00e9s cantonales et communales remercient la population de sa compr\u00e9hension face aux d\u00e9sagr\u00e9ments occasionn\u00e9s par ce chantier.<\/p>\n<p class=\"wysiwyg-nr\">\u00a0<\/p>\n<p>\u00a0<\/p>\n<p>\t<a href=\"https:\/\/www.jura.ch\/fr\/Autorites\/Administration\/CHA\/SIC\/Centre-medias\/Communiques-2026.html\" class=\"btn\" rel=\"nofollow noopener\" target=\"_blank\">\u00ab\u00a0\u00a0Retour<\/a>\t<\/p>\n","protected":false},"excerpt":{"rendered":"Date : 10.07.2026 09:00:00 \u00a0 Les travaux d&rsquo;am\u00e9nagement de la route cantonale n\u00b0 6 \u00ab\u00a0route de Courgenay\u00a0\u00bb \u00e0&hellip;\n","protected":false},"author":2,"featured_media":212473,"comment_status":"","ping_status":"","sticky":false,"template":"","format":"standard","meta":{"footnotes":"","_share_on_mastodon":"0"},"categories":[8],"tags":[3779,3798,3780,3792,3778,3788,3797,121,3775,3794,119,3784,3787,122,3785,3795,118,3781,120,3786,3793,3789,3782,3776,3777,3783,75,23,3796,3791,3790],"class_list":["post-212472","post","type-post","status-publish","format-standard","has-post-thumbnail","category-sports","tag-3779","tag-23-giugno","tag-23-juin","tag-23rd-of-june","tag-administration","tag-administrazion","tag-adminitrazione","tag-ajoie","tag-canton","tag-cantone","tag-delemont","tag-delsberg","tag-doubs","tag-franches-montagnes","tag-freiberge","tag-giura","tag-jura","tag-kanton","tag-porrentruy","tag-pruntrut","tag-repubblica-e-canton-giura","tag-republic","tag-republik-und-kanton-jura","tag-republique-et-canton","tag-saint-ursanne","tag-schweiz","tag-sports","tag-suisse","tag-svizzera","tag-switzerland","tag-website"],"share_on_mastodon":{"url":"https:\/\/pubeurope.com\/@ch_fr\/116895150756164461","error":""},"_links":{"self":[{"href":"https:\/\/www.europesays.com\/ch-fr\/wp-json\/wp\/v2\/posts\/212472","targetHints":{"allow":["GET"]}}],"collection":[{"href":"https:\/\/www.europesays.com\/ch-fr\/wp-json\/wp\/v2\/posts"}],"about":[{"href":"https:\/\/www.europesays.com\/ch-fr\/wp-json\/wp\/v2\/types\/post"}],"author":[{"embeddable":true,"href":"https:\/\/www.europesays.com\/ch-fr\/wp-json\/wp\/v2\/users\/2"}],"replies":[{"embeddable":true,"href":"https:\/\/www.europesays.com\/ch-fr\/wp-json\/wp\/v2\/comments?post=212472"}],"version-history":[{"count":0,"href":"https:\/\/www.europesays.com\/ch-fr\/wp-json\/wp\/v2\/posts\/212472\/revisions"}],"wp:featuredmedia":[{"embeddable":true,"href":"https:\/\/www.europesays.com\/ch-fr\/wp-json\/wp\/v2\/media\/212473"}],"wp:attachment":[{"href":"https:\/\/www.europesays.com\/ch-fr\/wp-json\/wp\/v2\/media?parent=212472"}],"wp:term":[{"taxonomy":"category","embeddable":true,"href":"https:\/\/www.europesays.com\/ch-fr\/wp-json\/wp\/v2\/categories?post=212472"},{"taxonomy":"post_tag","embeddable":true,"href":"https:\/\/www.europesays.com\/ch-fr\/wp-json\/wp\/v2\/tags?post=212472"}],"curies":[{"name":"wp","href":"https:\/\/api.w.org\/{rel}","templated":true}]}}