{"id":213046,"date":"2026-07-10T17:45:10","date_gmt":"2026-07-10T17:45:10","guid":{"rendered":"https:\/\/www.europesays.com\/ch-fr\/213046\/"},"modified":"2026-07-10T17:45:10","modified_gmt":"2026-07-10T17:45:10","slug":"le-bourget-du-lac-pourquoi-letablissement-francais-du-sang-a-besoin-de-plus-de-donneurs-de-plasma","status":"publish","type":"post","link":"https:\/\/www.europesays.com\/ch-fr\/213046\/","title":{"rendered":"Le Bourget-du-Lac. Pourquoi l\u2019\u00c9tablissement fran\u00e7ais du sang a besoin de plus de donneurs de plasma"},"content":{"rendered":"<p>Ce mardi 7\u00a0juillet, les personnes ont largement r\u00e9pondu \u00e0 l\u2019appel de l\u2019association des donneurs de sang du Bourget-du-Lac pour la collecte organis\u00e9e, pour les stocks que l\u2019on a toujours dit insuffisants en p\u00e9riode estivale. 140 poches ont \u00e9t\u00e9 r\u00e9colt\u00e9es, dont neuf\u00a0nouveaux. Seulement voil\u00e0, 30\u00a0donneurs ont \u00e9t\u00e9 refus\u00e9s par l\u2019\u00c9tablissement fran\u00e7ais du sang (EFS) au motif qu\u2019ils n\u2019avaient pas de rendez-vous.<\/p>\n<p>En d\u00e9finitive, La Traverse reste un tr\u00e8s important&#8230;<\/p>\n","protected":false},"excerpt":{"rendered":"Ce mardi 7\u00a0juillet, les personnes ont largement r\u00e9pondu \u00e0 l\u2019appel de l\u2019association des donneurs de sang du Bourget-du-Lac&hellip;\n","protected":false},"author":2,"featured_media":213047,"comment_status":"","ping_status":"","sticky":false,"template":"","format":"standard","meta":{"footnotes":"","_share_on_mastodon":"0"},"categories":[9],"tags":[3598,83,48137,25416,84,23],"class_list":["post-213046","post","type-post","status-publish","format-standard","has-post-thumbnail","category-sante","tag-edition-chambery-aix-les-bains","tag-health","tag-le-bourget-du-lac","tag-le-lac","tag-sante","tag-suisse"],"share_on_mastodon":{"url":"https:\/\/pubeurope.com\/@ch_fr\/116896932006102598","error":""},"_links":{"self":[{"href":"https:\/\/www.europesays.com\/ch-fr\/wp-json\/wp\/v2\/posts\/213046","targetHints":{"allow":["GET"]}}],"collection":[{"href":"https:\/\/www.europesays.com\/ch-fr\/wp-json\/wp\/v2\/posts"}],"about":[{"href":"https:\/\/www.europesays.com\/ch-fr\/wp-json\/wp\/v2\/types\/post"}],"author":[{"embeddable":true,"href":"https:\/\/www.europesays.com\/ch-fr\/wp-json\/wp\/v2\/users\/2"}],"replies":[{"embeddable":true,"href":"https:\/\/www.europesays.com\/ch-fr\/wp-json\/wp\/v2\/comments?post=213046"}],"version-history":[{"count":0,"href":"https:\/\/www.europesays.com\/ch-fr\/wp-json\/wp\/v2\/posts\/213046\/revisions"}],"wp:featuredmedia":[{"embeddable":true,"href":"https:\/\/www.europesays.com\/ch-fr\/wp-json\/wp\/v2\/media\/213047"}],"wp:attachment":[{"href":"https:\/\/www.europesays.com\/ch-fr\/wp-json\/wp\/v2\/media?parent=213046"}],"wp:term":[{"taxonomy":"category","embeddable":true,"href":"https:\/\/www.europesays.com\/ch-fr\/wp-json\/wp\/v2\/categories?post=213046"},{"taxonomy":"post_tag","embeddable":true,"href":"https:\/\/www.europesays.com\/ch-fr\/wp-json\/wp\/v2\/tags?post=213046"}],"curies":[{"name":"wp","href":"https:\/\/api.w.org\/{rel}","templated":true}]}}