{"id":213766,"date":"2026-07-11T08:07:29","date_gmt":"2026-07-11T08:07:29","guid":{"rendered":"https:\/\/www.europesays.com\/ch-fr\/213766\/"},"modified":"2026-07-11T08:07:29","modified_gmt":"2026-07-11T08:07:29","slug":"pink-floyd-le-soir-ou-roger-waters-et-david-gilmour-se-sont-retrouves-sur-scene-pour-un-moment-historique","status":"publish","type":"post","link":"https:\/\/www.europesays.com\/ch-fr\/213766\/","title":{"rendered":"Pink Floyd : Le soir o\u00f9 Roger Waters et David Gilmour se sont retrouv\u00e9s sur sc\u00e8ne pour un moment historique"},"content":{"rendered":"<p class=\"PDq2pG_selectionAnchorContainer\">Le 10 juillet 2010, les fans de <a href=\"https:\/\/virginradio.fr\/news\/rock\/9259\/pink-floyd-l-histoire-de-l-album-a-saucerful-of-secrets-le-dernier-avec-syd-barrett\" target=\"_blank\" rel=\"noopener nofollow\">Pink Floyd<\/a> ont assist\u00e9 \u00e0 un \u00e9v\u00e9nement aussi rare qu\u2019\u00e9mouvant. \u00c0 Oxford, en Angleterre, les deux figures embl\u00e9matiques du groupe, <a href=\"https:\/\/virginradio.fr\/news\/rock\/9347\/pink-floyd-pourquoi-la-mere-de-syd-barrett-a-blame-roger-waters-pour-son-declin\" target=\"_blank\" rel=\"noopener nofollow\">Roger Waters<\/a> et <a href=\"https:\/\/virginradio.fr\/news\/rock\/8546\/la-black-strat-de-david-gilmour-pink-floyd-est-de-nouveau-mise-aux-encheres-pour-14-5-millions-de-dollars-ce-qui-en-fait-la-guitare-la-plus-chere-de-l-histoire\" target=\"_blank\" rel=\"noopener nofollow\">David Gilmour,<\/a> se sont retrouv\u00e9es c\u00f4te \u00e0 c\u00f4te sur sc\u00e8ne lors d\u2019une soir\u00e9e caritative organis\u00e9e par la Hoping Foundation. Un moment exceptionnel, marqu\u00e9 par la r\u00e9conciliation artistique de deux l\u00e9gendes longtemps s\u00e9par\u00e9es par des tensions personnelles et cr\u00e9atives.<\/p>\n<p>Cette apparition commune \u00e9tait d\u2019autant plus symbolique que Waters et Gilmour n\u2019avaient plus partag\u00e9 v\u00e9ritablement la sc\u00e8ne depuis de nombreuses ann\u00e9es. Leur relation avait \u00e9t\u00e9 profond\u00e9ment marqu\u00e9e par les conflits qui avaient suivi la fin de l\u2019\u00e2ge d\u2019or de Pink Floyd, notamment apr\u00e8s le d\u00e9part de Roger Waters en 1985. Pourtant, le temps d\u2019une soir\u00e9e, les d\u00e9saccords ont laiss\u00e9 place \u00e0 la musique.<\/p>\n<p>Un duo l\u00e9gendaire autour des grands classiques de Pink Floyd<\/p>\n<p>Devant un public privil\u00e9gi\u00e9 r\u00e9uni pour soutenir la Hoping Foundation, les deux musiciens ont offert plusieurs titres devenus immortels dans l\u2019histoire du rock. Le moment le plus attendu fut \u00e9videmment leur interpr\u00e9tation de \u00ab\u00a0Wish You Were Here\u00a0\u00bb, l\u2019un des morceaux les plus embl\u00e9matiques de Pink Floyd, une chanson dont les paroles r\u00e9sonnaient particuli\u00e8rement dans ce contexte de retrouvailles.<\/p>\n<p><a href=\"https:\/\/virginradio.fr\/news\/rock\/9254\/pink-floyd-l-histoire-de-comfortably-numb-une-genese-parfaite-nee-d-une-dispute-entre-roger-waters-et-david-gilmour\" target=\"_blank\" rel=\"noopener nofollow\">Le duo a \u00e9galement repris \u00ab\u00a0Comfortably Numb\u00a0\u00bb<\/a>, chef-d\u2019\u0153uvre de l\u2019album The Wall (1979), permettant aux spectateurs de retrouver l\u2019alchimie unique entre la voix grave et engag\u00e9e de Waters et les solos de guitare m\u00e9lodiques de Gilmour.<\/p>\n<p>La soir\u00e9e s\u2019est poursuivie avec \u00ab\u00a0Another Brick In The Wall Part 2\u00a0\u00bb, autre monument du r\u00e9pertoire de Pink Floyd, avant une surprise plus inattendue : \u00ab\u00a0To Know Him Is To Love Him\u00a0\u00bb, une reprise de la chanson \u00e9crite par Phil Spector et popularis\u00e9e \u00e0 l\u2019origine par son groupe The Teddy Bears en 1958.<\/p>\n<p>Une parenth\u00e8se de paix dans l\u2019histoire de Pink Floyd<\/p>\n<p>Cette rencontre n\u2019\u00e9tait pas une reformation officielle de Pink Floyd, mais plut\u00f4t un geste d\u2019amiti\u00e9 et de solidarit\u00e9 autour d\u2019une cause importante. Elle restera n\u00e9anmoins comme l\u2019un des rares moments o\u00f9 Roger Waters et David Gilmour ont accept\u00e9 de partager \u00e0 nouveau la lumi\u00e8re.<\/p>\n<p><a href=\"https:\/\/virginradio.fr\/news\/rock\/9321\/pink-floyd-l-histoire-du-legendaire-dernier-concert-au-live-8-les-coulisses-racontees-par-nick-mason-et-roger-waters\" target=\"_blank\" rel=\"noopener nofollow\">Quelques ann\u00e9es plus t\u00f4t, en 2005, les deux hommes s\u2019\u00e9taient d\u00e9j\u00e0 retrouv\u00e9s avec Nick Mason et Richard Wright pour le concert Live 8 \u00e0 Londres, marquant la derni\u00e8re apparition publique du groupe au complet.<\/a> Mais cette soir\u00e9e d\u2019Oxford en 2010 poss\u00e9dait une dimension diff\u00e9rente : plus intime, plus personnelle, presque comme un rappel de l\u2019incroyable connexion musicale qui avait donn\u00e9 naissance aux albums mythiques de Pink Floyd.<\/p>\n<p data-is-last-node=\"\" data-is-only-node=\"\">Plus qu\u2019un simple concert caritatif, cette soir\u00e9e restera comme un symbole : malgr\u00e9 les conflits et les ann\u00e9es de s\u00e9paration, certaines chansons continuent de r\u00e9unir ceux qui les ont cr\u00e9\u00e9es. Ce soir-l\u00e0, Roger Waters et David Gilmour ont prouv\u00e9 que la magie de Pink Floyd \u00e9tait toujours bien vivante.<\/p>\n<p data-is-last-node=\"\" data-is-only-node=\"\">\n","protected":false},"excerpt":{"rendered":"Le 10 juillet 2010, les fans de Pink Floyd ont assist\u00e9 \u00e0 un \u00e9v\u00e9nement aussi rare qu\u2019\u00e9mouvant. \u00c0&hellip;\n","protected":false},"author":2,"featured_media":213767,"comment_status":"","ping_status":"","sticky":false,"template":"","format":"standard","meta":{"footnotes":"","_share_on_mastodon":"0"},"categories":[12],"tags":[694,22,384,3035,113,3030,3027,1570,112,3032,1430,696,3033,3031,3038,3029,140,141,3036,3037,3039,1091,117,3034,3040,673,3028,23,3024,3026,3025],"class_list":["post-213766","post","type-post","status-publish","format-standard","has-post-thumbnail","category-musique","tag-actu","tag-actualites","tag-cinema","tag-dab","tag-divertissement","tag-ecoute","tag-electro","tag-emission","tag-entertainment","tag-equipe","tag-fm","tag-info","tag-information","tag-infos","tag-interviews-rock","tag-journal","tag-music","tag-musique","tag-musique-rock","tag-nouveautes-rock","tag-playlists-rock","tag-podcast","tag-radio","tag-radio-en-ligne","tag-radio-rock","tag-rock","tag-station","tag-suisse","tag-virgin","tag-virgin-radio","tag-virginradio"],"share_on_mastodon":{"url":"https:\/\/pubeurope.com\/@ch_fr\/116900321388111973","error":""},"_links":{"self":[{"href":"https:\/\/www.europesays.com\/ch-fr\/wp-json\/wp\/v2\/posts\/213766","targetHints":{"allow":["GET"]}}],"collection":[{"href":"https:\/\/www.europesays.com\/ch-fr\/wp-json\/wp\/v2\/posts"}],"about":[{"href":"https:\/\/www.europesays.com\/ch-fr\/wp-json\/wp\/v2\/types\/post"}],"author":[{"embeddable":true,"href":"https:\/\/www.europesays.com\/ch-fr\/wp-json\/wp\/v2\/users\/2"}],"replies":[{"embeddable":true,"href":"https:\/\/www.europesays.com\/ch-fr\/wp-json\/wp\/v2\/comments?post=213766"}],"version-history":[{"count":0,"href":"https:\/\/www.europesays.com\/ch-fr\/wp-json\/wp\/v2\/posts\/213766\/revisions"}],"wp:featuredmedia":[{"embeddable":true,"href":"https:\/\/www.europesays.com\/ch-fr\/wp-json\/wp\/v2\/media\/213767"}],"wp:attachment":[{"href":"https:\/\/www.europesays.com\/ch-fr\/wp-json\/wp\/v2\/media?parent=213766"}],"wp:term":[{"taxonomy":"category","embeddable":true,"href":"https:\/\/www.europesays.com\/ch-fr\/wp-json\/wp\/v2\/categories?post=213766"},{"taxonomy":"post_tag","embeddable":true,"href":"https:\/\/www.europesays.com\/ch-fr\/wp-json\/wp\/v2\/tags?post=213766"}],"curies":[{"name":"wp","href":"https:\/\/api.w.org\/{rel}","templated":true}]}}