{"id":214125,"date":"2026-07-11T13:42:18","date_gmt":"2026-07-11T13:42:18","guid":{"rendered":"https:\/\/www.europesays.com\/ch-fr\/214125\/"},"modified":"2026-07-11T13:42:18","modified_gmt":"2026-07-11T13:42:18","slug":"festival-davignon-wagner-moura-isabelle-huppert-moliere-les-grands-rendez-vous-de-la-2e-semaine","status":"publish","type":"post","link":"https:\/\/www.europesays.com\/ch-fr\/214125\/","title":{"rendered":"Festival d\u2019Avignon\u00a0: Wagner Moura, Isabelle Huppert, Moli\u00e8re\u2026 les grands rendez-vous de la 2e semaine"},"content":{"rendered":"<p>Apr\u00e8s une premi\u00e8re semaine marqu\u00e9e par le <a href=\"https:\/\/www.laprovence.com\/article\/culture-loisirs\/4417903649222614\/festival-d-avignon-maldoror-de-julien-gosselin-une-piece-a-la-de-mesure-de-la-cour-d-honneur\" target=\"_self\" rel=\"nofollow noopener\">Maldoror de Julien Gosselin dans la Cour d\u2019honneur <\/a>et le cycle Cor\u00e9e, <a href=\"https:\/\/www.laprovence.com\/article\/culture-loisirs\/5554011831791414\/festival-d-avignon-2026-une-80e-edition-qui-celebre-l-audace-et-les-questionnements\" target=\"_self\" rel=\"nofollow noopener\">la 80e \u00e9dition du Festival d\u2019Avignon <\/a>se poursuit jusqu\u2019au 25\u00a0juillet. Voici quelques-uns des spectacles \u00e0 d\u00e9couvrir.<\/p>\n<p>Le retour sur les planches de Wagner Moura dans \u00ab\u00a0Un proc\u00e8s\u00a0\u00bb<\/p>\n<p>Parmi les rendez-vous tr\u00e8s attendus, Un proc\u00e8s, apr\u00e8s l\u2019ennemi du peuple r\u00e9unit la metteuse en sc\u00e8ne br\u00e9silienne Christiane Jatahy et son compatriote l\u2019acteur Wagner Moura, r\u00e9v\u00e9l\u00e9 au grand public par son interpr\u00e9tation de Pablo Escobar dans la s\u00e9rie Netflix Narcos, et qui a obtenu le prix d\u2019interpr\u00e9tation \u00e0 Cannes pour son r\u00f4le dans L\u2019Agent secret de Kleber Mendon\u00e7a Filho. Fort de ce succ\u00e8s international, le com\u00e9dien fait son retour sur les planches.<\/p>\n<p>\u00ab\u00a0Avec Wagner (Moura), que je connais depuis longtemps, on avait tr\u00e8s envie de travailler ensemble, <a href=\"https:\/\/www.laprovence.com\/article\/culture-loisirs\/3428595488132814\/festival-d-avignon-11-spectateurs-tires-au-sort-jugent-l-accuse-dans-le-nouveau-spectacle-de-christiane-jatahy\" target=\"_self\" rel=\"nofollow noopener\">confiait Christiane Jatahy dans nos colonnes<\/a>. Je pensais qu\u2019avec la pi\u00e8ce visionnaire d\u2019Ibsen comme point de d\u00e9part, il y avait beaucoup de choses \u00e0 dire sur ce qui nous arrive aujourd\u2019hui\u00a0: les menaces qui p\u00e8sent sur la d\u00e9mocratie, le fascisme, la tension entre l\u2019\u00e9conomie et la protection de la nature, et sur l\u2019importance de dire la v\u00e9rit\u00e9 au milieu des fake news. Cette vague est arriv\u00e9e d\u2019abord au Br\u00e9sil (Bolsonaro, Ndlr), mais elle arrive partout, sur tous les continents.\u00a0\u00bb<\/p>\n<p>Pour ce proc\u00e8s th\u00e9\u00e2tralis\u00e9, chaque soir, onze spectateurs volontaires tir\u00e9s au sort, auront la possibilit\u00e9 de se prononcer sur la culpabilit\u00e9 du h\u00e9ros, Tomas Stockman.<\/p>\n<p>Du 11 au 22\u00a0juillet \u00e0 18h (les 15 et 22\u00a0juillet \u00e9galement \u00e0 22h) au Gymnase Aubanel. 15\/45\u20ac&#13;\n<\/p>\n<p>Isabelle Huppert et Hyeyoung Lee prennent leur envol dans la Cour d\u2019honneur<br \/>\n<img alt=\"Isabelle Huppert, ici dans &quot;La Cerisaie&quot; de Tchekhov, retrouvera la Cour d\u2019honneur du Palais des papes les 15 et 16 juillet dans &quot;Oiseau&quot;.\" loading=\"lazy\" decoding=\"async\" data-nimg=\"fill\" class=\" TwicCore_img__i9TC1 undefined  undefined\" style=\"position:absolute;height:100%;width:100%;left:0;top:0;right:0;bottom:0;color:transparent;background-size:cover;background-position:50% 50%;background-repeat:no-repeat;background-image:url(&quot;data:image\/svg+xml;charset=utf-8,%3Csvg xmlns='http:\/\/www.w3.org\/2000\/svg' %3E%3Cfilter id='b' color-interpolation-filters='sRGB'%3E%3CfeGaussianBlur stdDeviation='20'\/%3E%3CfeColorMatrix values='1 0 0 0 0 0 1 0 0 0 0 0 1 0 0 0 0 0 100 -1' result='s'\/%3E%3CfeFlood x='0' y='0' width='100%25' height='100%25'\/%3E%3CfeComposite operator='out' in='s'\/%3E%3CfeComposite in2='SourceGraphic'\/%3E%3CfeGaussianBlur stdDeviation='20'\/%3E%3C\/filter%3E%3Cimage width='100%25' height='100%25' x='0' y='0' preserveAspectRatio='none' style='filter: url(%23b);' href='data:image\/webp;base64,UklGRjYDAABXRUJQVlA4ICoDAABwOwCdASpYAjMBPkkkkEYipC2hIHHIYbAJCWlu4XY+BNqD18Y8NfsAGklspy5cuXLly5cuXLly5cuXLly5cuXLly5cuXLly5cuXLly5cuXLly5cuXLly5cuXLly5cuXLly5cuXLly5cuXLly5cuXLly5cOmSMpCYAqxrZTly5cuXLlb+kGzWSu8K3E1y5cuXLly5cuXLly586rC9hJ59veBEwBVjWynLly5cuXLug2VFzeerXpFBoE1DzVqRnK9boVWdU5uGOkJgCrGtlOXLl3LvfxUZpxwRcmsj79wb4EbKlE\/r22O42hBnpQFwx0hMAVY1spy4YzRxqGxu6c2HW2qsf0YBKFRSEwBVjWynLly5cuaOzYEbNk92seqt0qoLUhMAVY1spy5crUBhXE756j\/F5H4PuLhYztBdg85f1XvYrGtlOXLly5cuXLly8BqjFLIyVJAdajjWODMD9LlVAXDHSEwBVjWynLly9tbE8pMCyjcR7xcMdITAFWNbKcuXLly+D+fa3VF4N6KxrZTly5cuXLly5cuXLly5cuXLly5cuXLly5cuXLly5cuXLly5cuXLly5cuXLly5cuXLly5cuXLly5cuXLly5cuXLly5cuXLly5cuXLly5cuXLly5cuXLhAAAP7\/oF7\/uk\/U\/0X960XRsIAEB2AAAAAAN70kr1HHyAOX3hkoohV27A67FGK7ZDJxBrJxh4Ojbr\/WDeEfz\/7o3pHj59TQ8XGsQUhr3sN7hFK2Jryx8ktgST6T5ReQQ3\/8iFy18d24oI\/ehYDZRlXUy0Kupe8Eo1oGLy7EtnzszCA7wOSYi2TuBOTEajrI03t4X5RtPEfwApDODep6IxUiWEqwc10ClsN9PiXJYP\/ftxQ4kB\/fvVojv0hPD+UslrCvnBMHKjiIKuNWc2UVssi9Sc7OFkej4bXkVzuyn3wK6aai9cjlMoDj0aFvX1cABgc2Kb52QF9UStQKG7NBnYzqQyNQam2c8hYLfhjPkZw8Wtbagqpsowi5hfki1bc1bmdFsUiBCz012jpiep8diCSRABf4vizRKv35xIIAoAAAAAAAAAAAAAA='\/%3E%3C\/svg%3E&quot;)\"   src=\"https:\/\/www.europesays.com\/ch-fr\/wp-content\/uploads\/2026\/07\/isabelle-huppert-en-2021-dans-la-cerisaie-de-tchekhov-mise-en-scene-par-tiago-rodrigues-dans-la-cour.jpeg\"\/>Isabelle Huppert, ici dans \u00ab\u00a0La Cerisaie\u00a0\u00bb de Tchekhov, retrouvera la Cour d\u2019honneur du Palais des papes les 15 et 16 juillet dans \u00ab\u00a0Oiseau\u00a0\u00bb. \/ PHOTO Bruno SOUILLARD<\/p>\n<p>Le Festival d\u2019Avignon r\u00e9unira la Cor\u00e9enne Hyeyoung Lee et la Fran\u00e7aise <a href=\"https:\/\/www.laprovence.com\/article\/culture-loisirs\/5710843241550814\/festival-davignon-2026-le-grand-retour-disabelle-huppert-en-juillet-au-palais-des-papes\" target=\"_self\" rel=\"nofollow noopener\">Isabelle Huppert<\/a> les 15 et 16\u00a0juillet dans la Cour d\u2019honneur du Palais des papes pour une lecture perform\u00e9e d\u2019Oiseau, extrait d\u2019Adieux Impossibles de Han Kang, prix Nobel de litt\u00e9rature en\u00a02024, connue notamment pour son roman La V\u00e9g\u00e9tarienne. Comme Isabelle Huppert, Hyeyoung Lee est une ic\u00f4ne du cin\u00e9ma dans son pays. Les deux com\u00e9diennes avaient d\u00e9j\u00e0 \u00e9t\u00e9 r\u00e9unies par le r\u00e9alisateur Hong Sang-soo dans son film La Voyageuse. Elles liront \u00e0 deux voix Oiseau, dans une mise en sc\u00e8ne de Julie Deliquet.<\/p>\n<p>Oiseau est le premier chapitre d\u2019Impossibles adieux de Han Kang, \u00e9crivaine qui ne cesse de questionner les \u00e9pisodes tragiques de l\u2019histoire de son pays en les m\u00ealant \u00e0 une dimension tr\u00e8s intime, voire spirituelle. \u00ab\u00a0La lecture de La V\u00e9g\u00e9tarienne a \u00e9t\u00e9 un choc semblable \u00e0 ce que j\u2019ai ressenti avec Cent ans de solitude de Gabriel Garc\u00eda M\u00e1rquez\u00a0\u00bb, <a href=\"https:\/\/www.laprovence.com\/article\/culture-loisirs\/410037003098914\/festival-davignon-hyeyoung-lee-tres-honoree-de-jouer-avec-isabelle-huppert-dans-une-lecture-de-oiseau\" target=\"_self\" rel=\"nofollow noopener\">confiait ainsi Hyeyoung Lee dans nos colonnes<\/a>. Un rendez-vous immanquable pr\u00e9sent\u00e9 dans le cadre de l\u2019invitation \u00e0 la langue cor\u00e9enne, fil rouge de cette 80e \u00e9dition.<\/p>\n<p><img alt=\"Hyeyoung Lee, ic\u00f4ne du cin\u00e9ma en Cor\u00e9e.\" loading=\"lazy\" decoding=\"async\" data-nimg=\"fill\" class=\" TwicCore_img__i9TC1 undefined  undefined\" style=\"position:absolute;height:100%;width:100%;left:0;top:0;right:0;bottom:0;color:transparent;background-size:cover;background-position:50% 50%;background-repeat:no-repeat;background-image:url(&quot;data:image\/svg+xml;charset=utf-8,%3Csvg xmlns='http:\/\/www.w3.org\/2000\/svg' %3E%3Cfilter id='b' color-interpolation-filters='sRGB'%3E%3CfeGaussianBlur stdDeviation='20'\/%3E%3CfeColorMatrix values='1 0 0 0 0 0 1 0 0 0 0 0 1 0 0 0 0 0 100 -1' result='s'\/%3E%3CfeFlood x='0' y='0' width='100%25' height='100%25'\/%3E%3CfeComposite operator='out' in='s'\/%3E%3CfeComposite in2='SourceGraphic'\/%3E%3CfeGaussianBlur stdDeviation='20'\/%3E%3C\/filter%3E%3Cimage width='100%25' height='100%25' x='0' y='0' preserveAspectRatio='none' style='filter: url(%23b);' href='data:image\/webp;base64,UklGRjYDAABXRUJQVlA4ICoDAABwOwCdASpYAjMBPkkkkEYipC2hIHHIYbAJCWlu4XY+BNqD18Y8NfsAGklspy5cuXLly5cuXLly5cuXLly5cuXLly5cuXLly5cuXLly5cuXLly5cuXLly5cuXLly5cuXLly5cuXLly5cuXLly5cuXLly5cOmSMpCYAqxrZTly5cuXLlb+kGzWSu8K3E1y5cuXLly5cuXLly586rC9hJ59veBEwBVjWynLly5cuXLug2VFzeerXpFBoE1DzVqRnK9boVWdU5uGOkJgCrGtlOXLl3LvfxUZpxwRcmsj79wb4EbKlE\/r22O42hBnpQFwx0hMAVY1spy4YzRxqGxu6c2HW2qsf0YBKFRSEwBVjWynLly5cuaOzYEbNk92seqt0qoLUhMAVY1spy5crUBhXE756j\/F5H4PuLhYztBdg85f1XvYrGtlOXLly5cuXLly8BqjFLIyVJAdajjWODMD9LlVAXDHSEwBVjWynLly9tbE8pMCyjcR7xcMdITAFWNbKcuXLly+D+fa3VF4N6KxrZTly5cuXLly5cuXLly5cuXLly5cuXLly5cuXLly5cuXLly5cuXLly5cuXLly5cuXLly5cuXLly5cuXLly5cuXLly5cuXLly5cuXLly5cuXLly5cuXLhAAAP7\/oF7\/uk\/U\/0X960XRsIAEB2AAAAAAN70kr1HHyAOX3hkoohV27A67FGK7ZDJxBrJxh4Ojbr\/WDeEfz\/7o3pHj59TQ8XGsQUhr3sN7hFK2Jryx8ktgST6T5ReQQ3\/8iFy18d24oI\/ehYDZRlXUy0Kupe8Eo1oGLy7EtnzszCA7wOSYi2TuBOTEajrI03t4X5RtPEfwApDODep6IxUiWEqwc10ClsN9PiXJYP\/ftxQ4kB\/fvVojv0hPD+UslrCvnBMHKjiIKuNWc2UVssi9Sc7OFkej4bXkVzuyn3wK6aai9cjlMoDj0aFvX1cABgc2Kb52QF9UStQKG7NBnYzqQyNQam2c8hYLfhjPkZw8Wtbagqpsowi5hfki1bc1bmdFsUiBCz012jpiep8diCSRABf4vizRKv35xIIAoAAAAAAAAAAAAAA='\/%3E%3C\/svg%3E&quot;)\"   src=\"https:\/\/www.europesays.com\/ch-fr\/wp-content\/uploads\/2026\/07\/hyeyoung-lee-1783773249_34d1b078482a638d1b078482afbd1bv_.jpg\"\/>Hyeyoung Lee, ic\u00f4ne du cin\u00e9ma en Cor\u00e9e. \/ Photo DR<\/p>\n<p>\u00ab\u00a0Oiseau\u00a0\u00bb, mercredi\u00a015 et jeudi 16\u00a0juillet \u00e0 22h. 45\u20ac. festival-avignon.com&#13;\n<\/p>\n<p>Moli\u00e8re \u00e0 la sauce belge dans la carri\u00e8re de Boulbon<br \/>\n<img alt=\"Le Tg Stan joue Moli\u00e8re sur une estrade, dans l\u2019esprit des troupes ambulantes du XVIIe si\u00e8cle.\" loading=\"lazy\" decoding=\"async\" data-nimg=\"fill\" class=\" TwicCore_img__i9TC1 undefined  undefined\" style=\"position:absolute;height:100%;width:100%;left:0;top:0;right:0;bottom:0;color:transparent;background-size:cover;background-position:50% 50%;background-repeat:no-repeat;background-image:url(&quot;data:image\/svg+xml;charset=utf-8,%3Csvg xmlns='http:\/\/www.w3.org\/2000\/svg' %3E%3Cfilter id='b' color-interpolation-filters='sRGB'%3E%3CfeGaussianBlur stdDeviation='20'\/%3E%3CfeColorMatrix values='1 0 0 0 0 0 1 0 0 0 0 0 1 0 0 0 0 0 100 -1' result='s'\/%3E%3CfeFlood x='0' y='0' width='100%25' height='100%25'\/%3E%3CfeComposite operator='out' in='s'\/%3E%3CfeComposite in2='SourceGraphic'\/%3E%3CfeGaussianBlur stdDeviation='20'\/%3E%3C\/filter%3E%3Cimage width='100%25' height='100%25' x='0' y='0' preserveAspectRatio='none' style='filter: url(%23b);' href='data:image\/webp;base64,UklGRjYDAABXRUJQVlA4ICoDAABwOwCdASpYAjMBPkkkkEYipC2hIHHIYbAJCWlu4XY+BNqD18Y8NfsAGklspy5cuXLly5cuXLly5cuXLly5cuXLly5cuXLly5cuXLly5cuXLly5cuXLly5cuXLly5cuXLly5cuXLly5cuXLly5cuXLly5cOmSMpCYAqxrZTly5cuXLlb+kGzWSu8K3E1y5cuXLly5cuXLly586rC9hJ59veBEwBVjWynLly5cuXLug2VFzeerXpFBoE1DzVqRnK9boVWdU5uGOkJgCrGtlOXLl3LvfxUZpxwRcmsj79wb4EbKlE\/r22O42hBnpQFwx0hMAVY1spy4YzRxqGxu6c2HW2qsf0YBKFRSEwBVjWynLly5cuaOzYEbNk92seqt0qoLUhMAVY1spy5crUBhXE756j\/F5H4PuLhYztBdg85f1XvYrGtlOXLly5cuXLly8BqjFLIyVJAdajjWODMD9LlVAXDHSEwBVjWynLly9tbE8pMCyjcR7xcMdITAFWNbKcuXLly+D+fa3VF4N6KxrZTly5cuXLly5cuXLly5cuXLly5cuXLly5cuXLly5cuXLly5cuXLly5cuXLly5cuXLly5cuXLly5cuXLly5cuXLly5cuXLly5cuXLly5cuXLly5cuXLhAAAP7\/oF7\/uk\/U\/0X960XRsIAEB2AAAAAAN70kr1HHyAOX3hkoohV27A67FGK7ZDJxBrJxh4Ojbr\/WDeEfz\/7o3pHj59TQ8XGsQUhr3sN7hFK2Jryx8ktgST6T5ReQQ3\/8iFy18d24oI\/ehYDZRlXUy0Kupe8Eo1oGLy7EtnzszCA7wOSYi2TuBOTEajrI03t4X5RtPEfwApDODep6IxUiWEqwc10ClsN9PiXJYP\/ftxQ4kB\/fvVojv0hPD+UslrCvnBMHKjiIKuNWc2UVssi9Sc7OFkej4bXkVzuyn3wK6aai9cjlMoDj0aFvX1cABgc2Kb52QF9UStQKG7NBnYzqQyNQam2c8hYLfhjPkZw8Wtbagqpsowi5hfki1bc1bmdFsUiBCz012jpiep8diCSRABf4vizRKv35xIIAoAAAAAAAAAAAAAA='\/%3E%3C\/svg%3E&quot;)\"   src=\"https:\/\/www.europesays.com\/ch-fr\/wp-content\/uploads\/2026\/07\/le-tg-stan-joue-moliere-sur-une-estrade-dans-l-esprit-des-troupes-ambulantes-du-xviiie-siecle-178377.jpeg\"\/>Le Tg Stan joue Moli\u00e8re sur une estrade, dans l\u2019esprit des troupes ambulantes du XVIIe si\u00e8cle. \/ Photo Kurt Van der Elst<\/p>\n<p>Du 13 au 25\u00a0juillet, les alexandrins de Moli\u00e8re vont r\u00e9sonner dans la carri\u00e8re de Boulbon\u2026 avec l\u2019accent belge.<a href=\"https:\/\/www.laprovence.com\/article\/culture-loisirs\/3730141719098314\/festival-d-avignon-2026-1-2-3-poquelin-moliere-avec-l-accent-belge-a-la-carriere-de-boulbon\" target=\"_self\" rel=\"nofollow noopener\"> Le collectif flamand tg STAN<\/a> &#8211; avec qui Tiago Rodrigues, directeur du Festival d\u2019Avignon d\u00e9buta sa carri\u00e8re &#8211; revisite Moli\u00e8re \u00e0 sa sauce dans 1,2,3 Poquelin, avec huit interpr\u00e8tes qui jouent une quarantaine de personnages. Depuis Le\u00a0Misanthrope (1998), tg STAN a r\u00e9guli\u00e8rement chemin\u00e9 avec Moli\u00e8re et cr\u00e9\u00e9 des assemblages insolites avec\u00a0Poquelin (2003) et\u00a0Poquelin 2 (2017).\u00a0\u00ab\u00a0L\u2019\u00e9tat du monde actuel est horrible. Avec Moli\u00e8re, nous rions de ce que nous avons fait de ce monde, il nous r\u00e9veille\u00a0!\u00a0\u00bb, estimait dans nos colonnes la com\u00e9dienne Jolente De Keersmaeker. On peut compter sur le mordant du tg STAN pour passer une soir\u00e9e dr\u00f4le et satirique.<\/p>\n<p>Du 13 au 25\u00a0juillet. festival-avignon.com. Diffusion sur France 5 et france.tv le 17\u00a0juillet&#13;\n<\/p>\n<p>Danse\u00a0: Katerina Andreou, Boris Charmatz, Ben Duke<br \/>\n<img alt=\"La chor\u00e9graphe grecque vivant en France, Katerina Andreou, nouvelle figure de proue de la danse europ\u00e9enne.\" loading=\"lazy\" decoding=\"async\" data-nimg=\"fill\" class=\" TwicCore_img__i9TC1 undefined  undefined\" style=\"position:absolute;height:100%;width:100%;left:0;top:0;right:0;bottom:0;color:transparent;background-size:cover;background-position:50% 50%;background-repeat:no-repeat;background-image:url(&quot;data:image\/svg+xml;charset=utf-8,%3Csvg xmlns='http:\/\/www.w3.org\/2000\/svg' %3E%3Cfilter id='b' color-interpolation-filters='sRGB'%3E%3CfeGaussianBlur stdDeviation='20'\/%3E%3CfeColorMatrix values='1 0 0 0 0 0 1 0 0 0 0 0 1 0 0 0 0 0 100 -1' result='s'\/%3E%3CfeFlood x='0' y='0' width='100%25' height='100%25'\/%3E%3CfeComposite operator='out' in='s'\/%3E%3CfeComposite in2='SourceGraphic'\/%3E%3CfeGaussianBlur stdDeviation='20'\/%3E%3C\/filter%3E%3Cimage width='100%25' height='100%25' x='0' y='0' preserveAspectRatio='none' style='filter: url(%23b);' href='data:image\/webp;base64,UklGRjYDAABXRUJQVlA4ICoDAABwOwCdASpYAjMBPkkkkEYipC2hIHHIYbAJCWlu4XY+BNqD18Y8NfsAGklspy5cuXLly5cuXLly5cuXLly5cuXLly5cuXLly5cuXLly5cuXLly5cuXLly5cuXLly5cuXLly5cuXLly5cuXLly5cuXLly5cOmSMpCYAqxrZTly5cuXLlb+kGzWSu8K3E1y5cuXLly5cuXLly586rC9hJ59veBEwBVjWynLly5cuXLug2VFzeerXpFBoE1DzVqRnK9boVWdU5uGOkJgCrGtlOXLl3LvfxUZpxwRcmsj79wb4EbKlE\/r22O42hBnpQFwx0hMAVY1spy4YzRxqGxu6c2HW2qsf0YBKFRSEwBVjWynLly5cuaOzYEbNk92seqt0qoLUhMAVY1spy5crUBhXE756j\/F5H4PuLhYztBdg85f1XvYrGtlOXLly5cuXLly8BqjFLIyVJAdajjWODMD9LlVAXDHSEwBVjWynLly9tbE8pMCyjcR7xcMdITAFWNbKcuXLly+D+fa3VF4N6KxrZTly5cuXLly5cuXLly5cuXLly5cuXLly5cuXLly5cuXLly5cuXLly5cuXLly5cuXLly5cuXLly5cuXLly5cuXLly5cuXLly5cuXLly5cuXLly5cuXLhAAAP7\/oF7\/uk\/U\/0X960XRsIAEB2AAAAAAN70kr1HHyAOX3hkoohV27A67FGK7ZDJxBrJxh4Ojbr\/WDeEfz\/7o3pHj59TQ8XGsQUhr3sN7hFK2Jryx8ktgST6T5ReQQ3\/8iFy18d24oI\/ehYDZRlXUy0Kupe8Eo1oGLy7EtnzszCA7wOSYi2TuBOTEajrI03t4X5RtPEfwApDODep6IxUiWEqwc10ClsN9PiXJYP\/ftxQ4kB\/fvVojv0hPD+UslrCvnBMHKjiIKuNWc2UVssi9Sc7OFkej4bXkVzuyn3wK6aai9cjlMoDj0aFvX1cABgc2Kb52QF9UStQKG7NBnYzqQyNQam2c8hYLfhjPkZw8Wtbagqpsowi5hfki1bc1bmdFsUiBCz012jpiep8diCSRABf4vizRKv35xIIAoAAAAAAAAAAAAAA='\/%3E%3C\/svg%3E&quot;)\"   src=\"https:\/\/www.europesays.com\/ch-fr\/wp-content\/uploads\/2026\/07\/la-choregraphe-grecque-vivant-en-france-katerina-andreou-nouvelle-figure-de-proue-de-la-danse-europe.jpeg\"\/>La chor\u00e9graphe grecque vivant en France, Katerina Andreou, nouvelle figure de proue de la danse europ\u00e9enne. \/ Photo Bea Borgers<\/p>\n<p>Figure de proue de la sc\u00e8ne europ\u00e9enne, Katerina Andreou convie les quatorze interpr\u00e8tes de la compagnie nationale norv\u00e9gienne Carte Blanche \u00e0 s\u2019emparer de la question du couple dans How Romantic. Fuyant la na\u00efvet\u00e9 et l\u2019id\u00e9alisme au profit d\u2019une ironie mordante, la chor\u00e9graphe met en lumi\u00e8re l\u2019ambivalence des relations sentimentales, entre d\u00e9sirs d\u2019attachement et de libert\u00e9, en s\u2019inspirant des marathons de danse, populaires aux \u00c9tats-Unis pendant la Grande D\u00e9pression.<\/p>\n<p>Artiste complice du Festival d\u2019Avignon en\u00a02024, invit\u00e9 \u00e0 de multiples reprises, Boris\u202fCharmatz revient avec une proposition minimaliste, le solo Muette. Il explore un espace \u00ab\u00a0o\u00f9 le langage ne sort pas, o\u00f9 la langue est tue, o\u00f9 la bouche b\u00e9ante ou close sugg\u00e8re des ab\u00eemes d\u2019\u00e9motion.\u00a0\u00bb<\/p>\n<p><img alt=\"Artiste complice du Festival d\u2019Avignon en 2024, Boris Charmatz est de retour avec le solo &quot;Muette&quot;.\" loading=\"lazy\" decoding=\"async\" data-nimg=\"fill\" class=\" TwicCore_img__i9TC1 undefined  undefined\" style=\"position:absolute;height:100%;width:100%;left:0;top:0;right:0;bottom:0;color:transparent;background-size:cover;background-position:50% 50%;background-repeat:no-repeat;background-image:url(&quot;data:image\/svg+xml;charset=utf-8,%3Csvg xmlns='http:\/\/www.w3.org\/2000\/svg' %3E%3Cfilter id='b' color-interpolation-filters='sRGB'%3E%3CfeGaussianBlur stdDeviation='20'\/%3E%3CfeColorMatrix values='1 0 0 0 0 0 1 0 0 0 0 0 1 0 0 0 0 0 100 -1' result='s'\/%3E%3CfeFlood x='0' y='0' width='100%25' height='100%25'\/%3E%3CfeComposite operator='out' in='s'\/%3E%3CfeComposite in2='SourceGraphic'\/%3E%3CfeGaussianBlur stdDeviation='20'\/%3E%3C\/filter%3E%3Cimage width='100%25' height='100%25' x='0' y='0' preserveAspectRatio='none' style='filter: url(%23b);' href='data:image\/webp;base64,UklGRjYDAABXRUJQVlA4ICoDAABwOwCdASpYAjMBPkkkkEYipC2hIHHIYbAJCWlu4XY+BNqD18Y8NfsAGklspy5cuXLly5cuXLly5cuXLly5cuXLly5cuXLly5cuXLly5cuXLly5cuXLly5cuXLly5cuXLly5cuXLly5cuXLly5cuXLly5cOmSMpCYAqxrZTly5cuXLlb+kGzWSu8K3E1y5cuXLly5cuXLly586rC9hJ59veBEwBVjWynLly5cuXLug2VFzeerXpFBoE1DzVqRnK9boVWdU5uGOkJgCrGtlOXLl3LvfxUZpxwRcmsj79wb4EbKlE\/r22O42hBnpQFwx0hMAVY1spy4YzRxqGxu6c2HW2qsf0YBKFRSEwBVjWynLly5cuaOzYEbNk92seqt0qoLUhMAVY1spy5crUBhXE756j\/F5H4PuLhYztBdg85f1XvYrGtlOXLly5cuXLly8BqjFLIyVJAdajjWODMD9LlVAXDHSEwBVjWynLly9tbE8pMCyjcR7xcMdITAFWNbKcuXLly+D+fa3VF4N6KxrZTly5cuXLly5cuXLly5cuXLly5cuXLly5cuXLly5cuXLly5cuXLly5cuXLly5cuXLly5cuXLly5cuXLly5cuXLly5cuXLly5cuXLly5cuXLly5cuXLhAAAP7\/oF7\/uk\/U\/0X960XRsIAEB2AAAAAAN70kr1HHyAOX3hkoohV27A67FGK7ZDJxBrJxh4Ojbr\/WDeEfz\/7o3pHj59TQ8XGsQUhr3sN7hFK2Jryx8ktgST6T5ReQQ3\/8iFy18d24oI\/ehYDZRlXUy0Kupe8Eo1oGLy7EtnzszCA7wOSYi2TuBOTEajrI03t4X5RtPEfwApDODep6IxUiWEqwc10ClsN9PiXJYP\/ftxQ4kB\/fvVojv0hPD+UslrCvnBMHKjiIKuNWc2UVssi9Sc7OFkej4bXkVzuyn3wK6aai9cjlMoDj0aFvX1cABgc2Kb52QF9UStQKG7NBnYzqQyNQam2c8hYLfhjPkZw8Wtbagqpsowi5hfki1bc1bmdFsUiBCz012jpiep8diCSRABf4vizRKv35xIIAoAAAAAAAAAAAAAA='\/%3E%3C\/svg%3E&quot;)\"   src=\"https:\/\/www.europesays.com\/ch-fr\/wp-content\/uploads\/2026\/07\/charmatz-1783773251_51c95bc0ff4a635c95bc0ff4ae8c95v_.jpg\"\/>Artiste complice du Festival d\u2019Avignon en 2024, Boris Charmatz est de retour avec le solo \u00ab\u00a0Muette\u00a0\u00bb. \/ Photo Laurent Philippe<\/p>\n<p>Dans un autre registre tr\u00e8s diff\u00e9rent, celui de la danse th\u00e9\u00e2tre, le chor\u00e9graphe britannique Ben Duke, connu pour son sens de l\u2019humour un brin provocateur, signe The Last Hamlet, pr\u00e9tendant en finir avec l\u2019une des pi\u00e8ces les plus jou\u00e9es au monde.<\/p>\n<p>\u00ab\u00a0How romantic\u00a0\u00bb, du 13 au 16\u00a0juillet \u00e0 La Fabrica. \u00ab\u00a0Muette\u00a0\u00bb du vendredi\u00a017 au 24\u00a0juillet \u00e0 la Chartreuse de Villeneuve lez Avignon. 35\u20ac. \u00ab\u00a0The Last Hamlet\u00a0\u00bb, du 17 au 24\u00a0juillet \u00e0 22h, clo\u00eetre des C\u00e9lestins. festival-avignon.com<\/p>\n<p><a target=\"_self\" aria-label=\"Acc\u00e9der au dossier Festival d&#039;Avignon\" class=\"w-full h-full flex flex-row rounded-lg\" data-xiti-chapter1=\"dossier\" data-xiti-chapter2=\"tag\" type=\"navigation\" href=\"https:\/\/www.laprovence.com\/dossiers\/127430\/festival-d-avignon\" rel=\"nofollow noopener\"><img alt=\"Illustration du dossier Festival d'Avignon\" loading=\"lazy\" decoding=\"async\" data-nimg=\"fill\" class=\"rounded-lg\" style=\"position:absolute;height:100%;width:100%;left:0;top:0;right:0;bottom:0;object-fit:cover;color:transparent\"   src=\"https:\/\/www.europesays.com\/ch-fr\/wp-content\/uploads\/2026\/07\/1783777338_987_PDN48907.jpg\"\/><\/a><\/p>\n","protected":false},"excerpt":{"rendered":"Apr\u00e8s une premi\u00e8re semaine marqu\u00e9e par le Maldoror de Julien Gosselin dans la Cour d\u2019honneur et le cycle&hellip;\n","protected":false},"author":2,"featured_media":214126,"comment_status":"","ping_status":"","sticky":false,"template":"","format":"standard","meta":{"footnotes":"","_share_on_mastodon":"0"},"categories":[15],"tags":[449,158,157,172,45978,113,112,650,32836,11402,48332,48331,159,23,48330],"class_list":["post-214125","post","type-post","status-publish","format-standard","has-post-thumbnail","category-people","tag-449","tag-celebrities","tag-celebrity","tag-culture","tag-davignon","tag-divertissement","tag-entertainment","tag-festival","tag-huppert","tag-isabelle","tag-moliere","tag-moura","tag-people","tag-suisse","tag-wagner"],"share_on_mastodon":{"url":"https:\/\/pubeurope.com\/@ch_fr\/116901639075676940","error":""},"_links":{"self":[{"href":"https:\/\/www.europesays.com\/ch-fr\/wp-json\/wp\/v2\/posts\/214125","targetHints":{"allow":["GET"]}}],"collection":[{"href":"https:\/\/www.europesays.com\/ch-fr\/wp-json\/wp\/v2\/posts"}],"about":[{"href":"https:\/\/www.europesays.com\/ch-fr\/wp-json\/wp\/v2\/types\/post"}],"author":[{"embeddable":true,"href":"https:\/\/www.europesays.com\/ch-fr\/wp-json\/wp\/v2\/users\/2"}],"replies":[{"embeddable":true,"href":"https:\/\/www.europesays.com\/ch-fr\/wp-json\/wp\/v2\/comments?post=214125"}],"version-history":[{"count":0,"href":"https:\/\/www.europesays.com\/ch-fr\/wp-json\/wp\/v2\/posts\/214125\/revisions"}],"wp:featuredmedia":[{"embeddable":true,"href":"https:\/\/www.europesays.com\/ch-fr\/wp-json\/wp\/v2\/media\/214126"}],"wp:attachment":[{"href":"https:\/\/www.europesays.com\/ch-fr\/wp-json\/wp\/v2\/media?parent=214125"}],"wp:term":[{"taxonomy":"category","embeddable":true,"href":"https:\/\/www.europesays.com\/ch-fr\/wp-json\/wp\/v2\/categories?post=214125"},{"taxonomy":"post_tag","embeddable":true,"href":"https:\/\/www.europesays.com\/ch-fr\/wp-json\/wp\/v2\/tags?post=214125"}],"curies":[{"name":"wp","href":"https:\/\/api.w.org\/{rel}","templated":true}]}}