{"id":214157,"date":"2026-07-11T14:07:09","date_gmt":"2026-07-11T14:07:09","guid":{"rendered":"https:\/\/www.europesays.com\/ch-fr\/214157\/"},"modified":"2026-07-11T14:07:09","modified_gmt":"2026-07-11T14:07:09","slug":"motogp-marc-marquez-gagne-le-sprint-du-gp-dallemagne","status":"publish","type":"post","link":"https:\/\/www.europesays.com\/ch-fr\/214157\/","title":{"rendered":"MotoGP : Marc Marquez gagne le sprint du GP d&rsquo;Allemagne"},"content":{"rendered":"<p>Marc Marquez (Ducati) a remport\u00e9 la course sprint du Grand Prix d&rsquo;Allemagne. L&rsquo;Espagnol a devanc\u00e9 les deux autres Ducati de son fr\u00e8re Alex Marquez (Gresini) et Fabio Di Giannantonio (VR46) sur le Sachsenring.<\/p>\n<p>Parti en p\u00f4le devant ses deux poursuivants, Marquez a bien g\u00e9r\u00e9 ce sprint qui n&rsquo;a accouch\u00e9 quasiment d&rsquo;aucun d\u00e9passement.<\/p>\n<p>Surnomm\u00e9 \u00ab\u00a0The King of the Ring\u00a0\u00bb (le Roi du Sachsenring), le Catalan visera dimanche un 13e succ\u00e8s sur le trac\u00e9 allemand, le 10e en MotoGP, ce qui lui permettrait d&rsquo;\u00e9galer deux records d\u00e9tenus par la l\u00e9gende italienne Giacomo Agostini, \u00e0 savoir le nombre de victoires dans une m\u00eame \u00e9preuve (13) et le nombre de succ\u00e8s sur un m\u00eame circuit dans la cat\u00e9gorie reine (10).<\/p>\n<p>Parti de la 8e position en l&rsquo;absence de son co\u00e9quipier Marco Bezzecchi qui s&rsquo;est fractur\u00e9 la clavicule lors des qualifications, le leader du championnat du monde Jorge Martin (Aprilia) a termin\u00e9 6e. Il compte d\u00e9sormais 11 points d&rsquo;avance sur l&rsquo;Italien et 13 sur Di Giannantonio.<\/p>\n<p class=\"sources\">ats\/tddb<\/p>\n","protected":false},"excerpt":{"rendered":"Marc Marquez (Ducati) a remport\u00e9 la course sprint du Grand Prix d&rsquo;Allemagne. L&rsquo;Espagnol a devanc\u00e9 les deux autres&hellip;\n","protected":false},"author":2,"featured_media":214158,"comment_status":"","ping_status":"","sticky":false,"template":"","format":"standard","meta":{"footnotes":"","_share_on_mastodon":"0"},"categories":[8],"tags":[28965,10410,1006,10411,10412,19392,48337,2700,10414,10415,48338,466,48339,186,75,10421,23,2085],"class_list":["post-214157","post","type-post","status-publish","format-standard","has-post-thumbnail","category-sports","tag-alex-marquez","tag-construction-automobile","tag-course","tag-ducati","tag-ducati-motor-holding","tag-fabio-di-giannantonio","tag-grand-prix-dallemagne","tag-machine","tag-marc-marquez","tag-moto","tag-moto-gp-allemagne","tag-rts-sport","tag-sachsenring","tag-sport","tag-sports","tag-sprint","tag-suisse","tag-tout-le-sport"],"share_on_mastodon":{"url":"https:\/\/pubeurope.com\/@ch_fr\/116901736997206670","error":""},"_links":{"self":[{"href":"https:\/\/www.europesays.com\/ch-fr\/wp-json\/wp\/v2\/posts\/214157","targetHints":{"allow":["GET"]}}],"collection":[{"href":"https:\/\/www.europesays.com\/ch-fr\/wp-json\/wp\/v2\/posts"}],"about":[{"href":"https:\/\/www.europesays.com\/ch-fr\/wp-json\/wp\/v2\/types\/post"}],"author":[{"embeddable":true,"href":"https:\/\/www.europesays.com\/ch-fr\/wp-json\/wp\/v2\/users\/2"}],"replies":[{"embeddable":true,"href":"https:\/\/www.europesays.com\/ch-fr\/wp-json\/wp\/v2\/comments?post=214157"}],"version-history":[{"count":0,"href":"https:\/\/www.europesays.com\/ch-fr\/wp-json\/wp\/v2\/posts\/214157\/revisions"}],"wp:featuredmedia":[{"embeddable":true,"href":"https:\/\/www.europesays.com\/ch-fr\/wp-json\/wp\/v2\/media\/214158"}],"wp:attachment":[{"href":"https:\/\/www.europesays.com\/ch-fr\/wp-json\/wp\/v2\/media?parent=214157"}],"wp:term":[{"taxonomy":"category","embeddable":true,"href":"https:\/\/www.europesays.com\/ch-fr\/wp-json\/wp\/v2\/categories?post=214157"},{"taxonomy":"post_tag","embeddable":true,"href":"https:\/\/www.europesays.com\/ch-fr\/wp-json\/wp\/v2\/tags?post=214157"}],"curies":[{"name":"wp","href":"https:\/\/api.w.org\/{rel}","templated":true}]}}