{"id":216249,"date":"2026-07-13T11:21:19","date_gmt":"2026-07-13T11:21:19","guid":{"rendered":"https:\/\/www.europesays.com\/ch-fr\/216249\/"},"modified":"2026-07-13T11:21:19","modified_gmt":"2026-07-13T11:21:19","slug":"elections-federales-2027-le-choix-cornelien-des-elus-suisses","status":"publish","type":"post","link":"https:\/\/www.europesays.com\/ch-fr\/216249\/","title":{"rendered":"Elections f\u00e9d\u00e9rales 2027: le choix corn\u00e9lien des \u00e9lus suisses"},"content":{"rendered":"<p>Si les vacances sont un moment propice pour se vider la t\u00eate, les \u00e9lus f\u00e9d\u00e9raux, eux, profitent de cette p\u00e9riode pour r\u00e9fl\u00e9chir \u00e0 une question parfois difficile: se pr\u00e9senteront-ils aux prochaines \u00e9lections f\u00e9d\u00e9rales? A Berne, les plans pour 2027 sont tr\u00e8s vari\u00e9s.<\/p>\n<p>Lors des \u00e9lections au Conseil national, en moyenne, un parlementaire sur quatre est remplac\u00e9. Tant\u00f4t par choix, tant\u00f4t par \u00e9chec \u00e9lectoral, mais parfois aussi par contrainte, car les r\u00e8gles internes de certains partis peuvent d\u00e9finir des limites \u00e0 la dur\u00e9e pendant laquelle un \u00e9lu peut si\u00e9ger \u00e0 Berne.<\/p>\n<p>C&rsquo;est le cas de la section valaisanne du PLR, qui fixe sa limite \u00e0 trois mandats par d\u00e9put\u00e9 au Parlement. Le conseiller national Philippe Nantermod (PLR\/VS) devra ainsi quitter le Palais f\u00e9d\u00e9ral \u00e0 la fin de la l\u00e9gislature, par exemple.<\/p>\n<p>Plus d&rsquo;un an avant les prochaines \u00e9lections f\u00e9d\u00e9rales pr\u00e9vues 24 octobre 2027, la plupart des parlementaires ont donc d\u00e9j\u00e0 r\u00e9fl\u00e9chi \u00e0 la question.<\/p>\n<p>&gt;&gt; Lire aussi\u00a0: <a href=\"https:\/\/www.rts.ch\/info\/suisse\/2025\/article\/reconversion-apres-une-defaite-electorale-le-defi-des-parlementaires-29038349.html\" data-item-id=\"richtext_link\" rel=\"nofollow noopener\" target=\"_blank\">Pour les parlementaires, comment r\u00e9orienter sa vie apr\u00e8s une non-r\u00e9\u00e9lection?<\/a><\/p>\n<p>Motivation et engagement<\/p>\n<p>La dur\u00e9e du mandat peut \u00e9galement jouer un r\u00f4le dans la prise de d\u00e9cision des parlementaires. Si\u00e9ger au Parlement n\u00e9cessite en effet de s&rsquo;investir pendant quatre ans. Et entre le travail de commission, les pr\u00e9parations d&rsquo;interventions au pl\u00e9num et les r\u00e9unions des groupes, les d\u00e9put\u00e9s sont tr\u00e8s sollicit\u00e9s durant leur s\u00e9jour \u00e0 Berne. Sans oublier qu&rsquo;il s&rsquo;agit d&rsquo;un Parlement de milice: certains parlementaires gardent encore leur profession \u00e0 c\u00f4t\u00e9.<\/p>\n<p class=\"q-text\">Il y a un \u00e9norme travail \u00e0 faire. Raison pour laquelle je suis vraiment pr\u00eate \u00e0 m&rsquo;engager dans la prochaine campagne<\/p>\n<p><img decoding=\"async\" class=\"q-img\" src=\"https:\/\/www.europesays.com\/ch-fr\/wp-content\/uploads\/2026\/07\/2xvrkn-29030228.image.jpeg\" data-ratio=\"square\"\/>  Delphine Klopfenstein Broggini, conseill\u00e8re nationale (Vert.e.s\/GE) <\/p>\n<p>Il faut donc \u00eatre motiv\u00e9 et certain de ses choix pour se repr\u00e9senter. \u00ab\u00a0D\u00e8s le moment o\u00f9 l&rsquo;on est convaincu soi-m\u00eame qu&rsquo;il faut agir, qu&rsquo;il faut changer les choses, qu&rsquo;il faut bouger les lignes, c&rsquo;est l\u00e0 qu&rsquo;on tire notre \u00e9nergie\u00a0\u00bb, estime la conseill\u00e8re nationale (Vert.e.s\/GE) Delphine Klopfenstein Broggini dans La Matinale de la RTS.<\/p>\n<p>\u00ab\u00a0Il y a un \u00e9norme travail \u00e0 faire\u00a0\u00bb, ajoute-t-elle. \u00ab\u00a0Raison pour laquelle je suis vraiment pr\u00eate \u00e0 m&rsquo;engager dans la prochaine campagne, dans la perspective aussi d&rsquo;avoir une meilleure repr\u00e9sentation des femmes et d&rsquo;avoir plus de forces progressistes, parce qu&rsquo;on en a absolument besoin.\u00a0\u00bb<\/p>\n<p>&gt;&gt; Lire aussi\u00a0: <a href=\"https:\/\/www.rts.ch\/info\/suisse\/14272469-de-plus-en-plus-de-candidates-pour-les-elections-federales.html\" data-item-id=\"richtext_link\" rel=\"nofollow noopener\" target=\"_blank\">De plus en plus de candidates pour les \u00e9lections f\u00e9d\u00e9rales<\/a><\/p>\n<p>\u00ab\u00a0Laisser la place aux jeunes\u00a0\u00bb<\/p>\n<p>Face \u00e0 ces d\u00e9fis, certains pr\u00e9f\u00e8rent en revanche laisser leur si\u00e8ge \u00e0 d&rsquo;autres, \u00e0 l\u2019instar de la conseill\u00e8re nationale Brigitte Crottaz (PS\/VD). \u00ab\u00a0J&rsquo;ai atteint un \u00e2ge o\u00f9 j&rsquo;estime qu&rsquo;il est bient\u00f4t temps de laisser la place aux plus jeunes\u00a0\u00bb, confie-t-elle.<\/p>\n<p>\u00ab\u00a0Cela fera dix ans que je suis au Conseil national. J&rsquo;ai \u00e9t\u00e9 tr\u00e8s contente et je suis surtout satisfaite de cette derni\u00e8re l\u00e9gislature, o\u00f9 j&rsquo;ai enfin pu si\u00e9ger dans la commission qui me tenait \u00e0 c\u0153ur, celle de la sant\u00e9\u00a0\u00bb, poursuit la socialiste. \u00ab\u00a0Mais je vois aussi tous les \u00e9cueils de cette commission et toutes les difficult\u00e9s qu&rsquo;il y a \u00e0 faire passer des projets. Je pense qu&rsquo;il faut des forces vives pour continuer le combat.\u00a0\u00bb<\/p>\n<p class=\"q-text\">J&rsquo;ai atteint un \u00e2ge o\u00f9 j&rsquo;estime qu&rsquo;il est bient\u00f4t temps de laisser la place aux plus jeunes<\/p>\n<p><img decoding=\"async\" class=\"q-img\" src=\"https:\/\/www.europesays.com\/ch-fr\/wp-content\/uploads\/2026\/07\/bj5d73-25926379.image.jpeg\" data-ratio=\"square\"\/>  Brigitte Crottaz, conseill\u00e8re nationale (PS\/VD) Parlementaires ind\u00e9cis<\/p>\n<p>D&rsquo;autres d\u00e9put\u00e9s se montrent encore ind\u00e9cis. Le choix de se repr\u00e9senter aux \u00e9lections f\u00e9d\u00e9rales se fait g\u00e9n\u00e9ralement apr\u00e8s\u00a0discussion avec son propre parti, pour des questions de strat\u00e9gie, mais \u00e9galement de rel\u00e8ve, souligne Roger Golay, conseiller national MCG.<\/p>\n<p>\u00ab\u00a0Sinc\u00e8rement, je ne sais pas encore si je vais me repr\u00e9senter ou pas. Cela d\u00e9pendra de plusieurs \u00e9l\u00e9ments, notamment de savoir qui seront les candidats\u00a0\u00bb, explique le Genevois. \u00ab\u00a0C&rsquo;est clair que si je vois qu&rsquo;il y a des candidats qui se dispersent sur des th\u00e8mes qui sont quand m\u00eame diff\u00e9rents de ce que nous avons d\u00e9cid\u00e9 \u00e0 l&rsquo;\u00e9poque, je me repr\u00e9senterai.\u00a0\u00bb<\/p>\n<p class=\"q-text\">Je ne sais pas encore si je vais me repr\u00e9senter ou pas. Cela d\u00e9pendra de plusieurs \u00e9l\u00e9ments, notamment de savoir qui seront les candidats<\/p>\n<p><img decoding=\"async\" class=\"q-img\" src=\"https:\/\/www.europesays.com\/ch-fr\/wp-content\/uploads\/2026\/07\/shb2ma-28889315.image.jpeg\" data-ratio=\"square\"\/>  Roger Golay, conseiller national (MCG\/GE) <\/p>\n<p>Si\u00e9ger \u00e0 Berne peut \u00e9galement ouvrir des portes dans d&rsquo;autres ar\u00e8nes politiques. La conseill\u00e8re nationale (Centre\/FR) Marie-France Roth Pasquier, par exemple, est candidate au Conseil d&rsquo;Etat fribourgeois. \u00ab\u00a0Je ne dirais pas que je suis fatigu\u00e9e, mais comme j&rsquo;appr\u00e9cie beaucoup le travail ex\u00e9cutif, je pense que le Conseil d&rsquo;Etat pourrait mieux me convenir\u00a0\u00bb, affirme-t-elle. Son avenir au Parlement d\u00e9pendra donc des r\u00e9sultats de cette \u00e9lection.<\/p>\n<p>&gt;&gt; Lire aussi\u00a0: <a href=\"https:\/\/www.rts.ch\/info\/regions\/fribourg\/2026\/article\/le-centre-fribourg-designe-roth-pasquier-et-julmy-pour-le-conseil-d-etat-29258413.html\" data-item-id=\"richtext_link\" rel=\"nofollow noopener\" target=\"_blank\">Marie-France Roth Pasquier et Markus Julmy candidats du Centre au gouvernement fribourgeois<\/a><\/p>\n<p>Enfin, certains parlementaires ont pr\u00e9f\u00e9r\u00e9 ne pas communiquer leur d\u00e9cision \u00e0 la RTS. Annoncer trop vite son d\u00e9part peut en effet avoir des cons\u00e9quences: moins de sollicitations pour des projets, moins de poids dans les d\u00e9bats. Pour les d\u00e9put\u00e9s, il faut savoir rester strat\u00e9gique et faire ses annonces au bon moment.<\/p>\n<p class=\"sources\">jo\/edel<\/p>\n","protected":false},"excerpt":{"rendered":"Si les vacances sont un moment propice pour se vider la t\u00eate, les \u00e9lus f\u00e9d\u00e9raux, eux, profitent de&hellip;\n","protected":false},"author":2,"featured_media":216250,"comment_status":"","ping_status":"","sticky":false,"template":"","format":"standard","meta":{"footnotes":"","_share_on_mastodon":"0"},"categories":[3],"tags":[32080,192,2236,2237,3521,1045,448,12840,739,741,1249,1251,2418,92,23,350,48815],"class_list":["post-216249","post","type-post","status-publish","format-standard","has-post-thumbnail","category-suisse","tag-32080","tag-berne","tag-candidat","tag-candidats","tag-commission","tag-election","tag-elections","tag-elections-federales-suisses","tag-elections-nationales","tag-gouvernement","tag-institutions-regionales","tag-parlement","tag-parlementaire","tag-politique","tag-suisse","tag-vacances","tag-vie-politique"],"share_on_mastodon":{"url":"https:\/\/pubeurope.com\/@ch_fr\/116912409073333115","error":""},"_links":{"self":[{"href":"https:\/\/www.europesays.com\/ch-fr\/wp-json\/wp\/v2\/posts\/216249","targetHints":{"allow":["GET"]}}],"collection":[{"href":"https:\/\/www.europesays.com\/ch-fr\/wp-json\/wp\/v2\/posts"}],"about":[{"href":"https:\/\/www.europesays.com\/ch-fr\/wp-json\/wp\/v2\/types\/post"}],"author":[{"embeddable":true,"href":"https:\/\/www.europesays.com\/ch-fr\/wp-json\/wp\/v2\/users\/2"}],"replies":[{"embeddable":true,"href":"https:\/\/www.europesays.com\/ch-fr\/wp-json\/wp\/v2\/comments?post=216249"}],"version-history":[{"count":0,"href":"https:\/\/www.europesays.com\/ch-fr\/wp-json\/wp\/v2\/posts\/216249\/revisions"}],"wp:featuredmedia":[{"embeddable":true,"href":"https:\/\/www.europesays.com\/ch-fr\/wp-json\/wp\/v2\/media\/216250"}],"wp:attachment":[{"href":"https:\/\/www.europesays.com\/ch-fr\/wp-json\/wp\/v2\/media?parent=216249"}],"wp:term":[{"taxonomy":"category","embeddable":true,"href":"https:\/\/www.europesays.com\/ch-fr\/wp-json\/wp\/v2\/categories?post=216249"},{"taxonomy":"post_tag","embeddable":true,"href":"https:\/\/www.europesays.com\/ch-fr\/wp-json\/wp\/v2\/tags?post=216249"}],"curies":[{"name":"wp","href":"https:\/\/api.w.org\/{rel}","templated":true}]}}