{"id":216735,"date":"2026-07-13T17:28:08","date_gmt":"2026-07-13T17:28:08","guid":{"rendered":"https:\/\/www.europesays.com\/ch-fr\/216735\/"},"modified":"2026-07-13T17:28:08","modified_gmt":"2026-07-13T17:28:08","slug":"le-swiss-open-geneva-reunit-lelite-mondiale-du-tennis-fauteuil-au-drizia-miremont","status":"publish","type":"post","link":"https:\/\/www.europesays.com\/ch-fr\/216735\/","title":{"rendered":"Le Swiss Open Geneva r\u00e9unit l&rsquo;\u00e9lite mondiale du tennis fauteuil au Drizia-Miremont"},"content":{"rendered":"<p class=\"wysiwyg-nr\">Le spectacle est de retour sur les courts du Tennis Club Drizia-Miremont. La 39e \u00e9dition du Swiss Open Geneva d\u00e9bute ce mardi et accueille, une nouvelle fois, les meilleurs joueurs et joueuses de tennis fauteuil de la plan\u00e8te.<\/p>\n<p>\u00abTout est pr\u00eat\u00bb, assure le pr\u00e9sident du tournoi, Sebastian Mozer. Depuis plusieurs jours, b\u00e9n\u00e9voles et \u00e9quipes s&rsquo;affairent pour finaliser les infrastructures et l&rsquo;accueil des quelque 80 \u00e0 90 athl\u00e8tes attendus, issus de plus de 25 nationalit\u00e9s.<\/p>\n<p class=\"wysiwyg-h2\">Un plateau digne d&rsquo;un Grand Chelem<\/p>\n<p>Le niveau s&rsquo;annonce particuli\u00e8rement relev\u00e9. Parmi les t\u00eates d&rsquo;affiche figurent notamment l&rsquo;Espagnol Mart\u00edn de la Puente, troisi\u00e8me joueur mondial, la N\u00e9erlandaise Jiske Griffioen, ainsi que six joueurs du top 10 mondial dans la cat\u00e9gorie quad.<\/p>\n<p>\u00abC&rsquo;est clairement l&rsquo;\u00e9lite du tennis fauteuil\u00bb, souligne Sebastian Mozer. Plusieurs participants arrivent directement de Wimbledon. Le Britannique Gordon Reid y a remport\u00e9 le tournoi de double, tandis que Mart\u00edn de la Puente a atteint les demi-finales. Jiske Griffioen restait, elle, sur une finale \u00e0 Roland-Garros il y a quelques semaines.<\/p>\n<p class=\"wysiwyg-h2\">Gen\u00e8ve, une \u00e9tape appr\u00e9ci\u00e9e du circuit<\/p>\n<p>Plac\u00e9e juste apr\u00e8s Wimbledon, la date du tournoi genevois n&rsquo;est pas id\u00e9ale. Les joueurs passent en effet du gazon londonien \u00e0 la terre battue de Drizia-Miremont en quelques jours.<\/p>\n<p>Le comit\u00e9 travaille donc avec la F\u00e9d\u00e9ration internationale de tennis sur une \u00e9ventuelle \u00e9volution du calendrier. \u00abCela implique beaucoup d&rsquo;aspects organisationnels et financiers, et nous n&rsquo;avons pas toutes les cartes en main\u00bb, explique le pr\u00e9sident.<\/p>\n<p>Malgr\u00e9 cette contrainte, Gen\u00e8ve conserve une excellente r\u00e9putation aupr\u00e8s des meilleurs mondiaux. \u00abLes joueurs aiment Gen\u00e8ve, la qualit\u00e9 de l&rsquo;accueil, les b\u00e9n\u00e9voles, mais aussi les infrastructures exceptionnelles du Tennis Club Drizia-Miremont\u00bb, rel\u00e8ve Sebastian Mozer.<\/p>\n<p class=\"wysiwyg-h2\">Une discipline en plein essor<\/p>\n<p>En 2026, le tennis fauteuil c\u00e9l\u00e8bre ses 50 ans. Pour son pr\u00e9sident, la discipline b\u00e9n\u00e9ficie d&rsquo;une dynamique positive, notamment depuis les Jeux paralympiques de Paris 2024.<\/p>\n<p>Il cite \u00e9galement l&rsquo;engouement observ\u00e9 lors des Grands Chelems. \u00c0 Wimbledon, la finale masculine de tennis fauteuil s&rsquo;est disput\u00e9e devant pr\u00e8s de 10 000 spectateurs. Les plus grandes stars du tennis traditionnel c\u00f4toient quotidiennement les athl\u00e8tes du para tennis. \u00abIls partagent les m\u00eames vestiaires, la m\u00eame salle de gym. Il y a une vraie mixit\u00e9\u00bb, souligne-t-il.<\/p>\n<p>Gen\u00e8ve entend \u00e9galement profiter de cet \u00e9lan en vue des Championnats d&rsquo;Europe de parasport de 2027, qui r\u00e9uniront pr\u00e8s de 2 000 athl\u00e8tes.<\/p>\n<p class=\"wysiwyg-h2\">Des finales tr\u00e8s attendues<\/p>\n<p>Le Swiss Open Geneva souhaite conserver son ambiance familiale tout en poursuivant son d\u00e9veloppement. Le comit\u00e9 multiplie les actions de promotion tout au long de l&rsquo;ann\u00e9e, notamment \u00e0 travers des interventions dans les \u00e9coles et diff\u00e9rentes organisations.<\/p>\n<p>Le public est invit\u00e9 \u00e0 venir d\u00e9couvrir gratuitement les meilleurs joueurs du monde tout au long de la semaine. Pour les finales de samedi, une r\u00e9servation est toutefois recommand\u00e9e tant l&rsquo;affluence s&rsquo;annonce importante. Les organisateurs garderont \u00e9galement un \u0153il attentif sur les fortes chaleurs annonc\u00e9es. Des protocoles sp\u00e9cifiques sont pr\u00e9vus afin de garantir des conditions de jeu s\u00fbres pour les athl\u00e8tes.<\/p>\n<p>Enfin, les regards se tournent d\u00e9j\u00e0 vers 2027 et la 40e \u00e9dition du tournoi. \u00abNous voulons mettre encore davantage en lumi\u00e8re la discipline, l&rsquo;histoire du tournoi et proposer des projets qui impliquent encore plus la population genevoise\u00bb, annonce Sebastian Mozer.<\/p>\n","protected":false},"excerpt":{"rendered":"Le spectacle est de retour sur les courts du Tennis Club Drizia-Miremont. La 39e \u00e9dition du Swiss Open&hellip;\n","protected":false},"author":2,"featured_media":216736,"comment_status":"","ping_status":"","sticky":false,"template":"","format":"standard","meta":{"footnotes":"","_share_on_mastodon":"0"},"categories":[17],"tags":[170,169,230,186,23,231,232],"class_list":["post-216735","post","type-post","status-publish","format-standard","has-post-thumbnail","category-geneve","tag-geneva","tag-geneve","tag-leman-bleu","tag-sport","tag-suisse","tag-television-geneve","tag-television-nyon"],"share_on_mastodon":{"url":"https:\/\/pubeurope.com\/@ch_fr\/116913852175851345","error":""},"_links":{"self":[{"href":"https:\/\/www.europesays.com\/ch-fr\/wp-json\/wp\/v2\/posts\/216735","targetHints":{"allow":["GET"]}}],"collection":[{"href":"https:\/\/www.europesays.com\/ch-fr\/wp-json\/wp\/v2\/posts"}],"about":[{"href":"https:\/\/www.europesays.com\/ch-fr\/wp-json\/wp\/v2\/types\/post"}],"author":[{"embeddable":true,"href":"https:\/\/www.europesays.com\/ch-fr\/wp-json\/wp\/v2\/users\/2"}],"replies":[{"embeddable":true,"href":"https:\/\/www.europesays.com\/ch-fr\/wp-json\/wp\/v2\/comments?post=216735"}],"version-history":[{"count":0,"href":"https:\/\/www.europesays.com\/ch-fr\/wp-json\/wp\/v2\/posts\/216735\/revisions"}],"wp:featuredmedia":[{"embeddable":true,"href":"https:\/\/www.europesays.com\/ch-fr\/wp-json\/wp\/v2\/media\/216736"}],"wp:attachment":[{"href":"https:\/\/www.europesays.com\/ch-fr\/wp-json\/wp\/v2\/media?parent=216735"}],"wp:term":[{"taxonomy":"category","embeddable":true,"href":"https:\/\/www.europesays.com\/ch-fr\/wp-json\/wp\/v2\/categories?post=216735"},{"taxonomy":"post_tag","embeddable":true,"href":"https:\/\/www.europesays.com\/ch-fr\/wp-json\/wp\/v2\/tags?post=216735"}],"curies":[{"name":"wp","href":"https:\/\/api.w.org\/{rel}","templated":true}]}}