{"id":217033,"date":"2026-07-13T22:04:20","date_gmt":"2026-07-13T22:04:20","guid":{"rendered":"https:\/\/www.europesays.com\/ch-fr\/217033\/"},"modified":"2026-07-13T22:04:20","modified_gmt":"2026-07-13T22:04:20","slug":"gstaad-kilian-feldbausch-elimine-pour-ses-debuts","status":"publish","type":"post","link":"https:\/\/www.europesays.com\/ch-fr\/217033\/","title":{"rendered":"Gstaad : Kilian Feldbausch \u00e9limin\u00e9 pour ses d\u00e9buts"},"content":{"rendered":"<p>Kilian Feldbausch (ATP 262) n&rsquo;a pas trouv\u00e9 la cl\u00e9 \u00e0 l&rsquo;occasion de sa premi\u00e8re apparition dans un tableau final de l&rsquo;ATP Tour. Le Genevois s&rsquo;est inclin\u00e9 6-1 1-6 6-3 face au Serbe Miomir Kecmanovic (59) au Swiss Open de Gstaad.<\/p>\n<p>Invit\u00e9 par les organisateurs du tournoi de l&rsquo;Oberland bernois, Feldbausch a confirm\u00e9 les attentes plac\u00e9es en lui, bousculant un adversaire qui avait \u00e9t\u00e9 d\u00e9fait en 5 sets par le no 1 mondial Janik Sinner \u00e0 Wimbledon. Apr\u00e8s avoir conc\u00e9d\u00e9 un 1er set \u00e0 sens unique, le droitier de 20 ans a profit\u00e9 de l&rsquo;effondrement de Kecmanovic pour remporter la 2e manche, o\u00f9 il a \u00e9t\u00e9 port\u00e9 par un 2e service irr\u00e9prochable (100% de r\u00e9ussite!).<\/p>\n<p>Dans le set d\u00e9cisif, Feldbausch a manqu\u00e9 une balle de break pour mener 2-0, avant de lui-m\u00eame conc\u00e9der son service au 5e jeu. Le vainqueur du tournoi Challenger \u00e0 Kosice fin mai n&rsquo;a ensuite pas r\u00e9ussi \u00e0 renverser le cours de la partie, et a rendu les armes apr\u00e8s 1h39 et un nouveau jeu de service perdu, son 5e du match.<\/p>\n<p>&gt;&gt; A lire aussi\u00a0: <a href=\"https:\/\/www.rts.ch\/sport\/tennis\/2026\/article\/tennis-stricker-se-qualifie-facilement-pour-le-2e-tour-a-gstaad-29302448.html\" data-item-id=\"richtext_link\" rel=\"nofollow noopener\" target=\"_blank\">Dominic Stricker impressionne contre Jaume Munar et se qualifie facilement pour le 2e tour<\/a><\/p>\n<p class=\"sources\">ats\/bao<\/p>\n","protected":false},"excerpt":{"rendered":"Kilian Feldbausch (ATP 262) n&rsquo;a pas trouv\u00e9 la cl\u00e9 \u00e0 l&rsquo;occasion de sa premi\u00e8re apparition dans un tableau&hellip;\n","protected":false},"author":2,"featured_media":217034,"comment_status":"","ping_status":"","sticky":false,"template":"","format":"standard","meta":{"footnotes":"","_share_on_mastodon":"0"},"categories":[4],"tags":[22,6356,48861,1971,169,6244,48298,45411,48928,21,6245,186,23,4344,2273],"class_list":["post-217033","post","type-post","status-publish","format-standard","has-post-thumbnail","category-actualites","tag-actualites","tag-arrondissement-administratif-du-haut-simmental-et-gessenay","tag-atp-gstaad-1-16","tag-defaite","tag-geneve","tag-gstaad","tag-kilian-feldbausch","tag-miomir-kecmanovic","tag-miomir-kecmanovic-kilian-feldbausch","tag-news","tag-saanen","tag-sport","tag-suisse","tag-tennis","tag-vainqueur"],"share_on_mastodon":{"url":"https:\/\/pubeurope.com\/@ch_fr\/116914937244591326","error":""},"_links":{"self":[{"href":"https:\/\/www.europesays.com\/ch-fr\/wp-json\/wp\/v2\/posts\/217033","targetHints":{"allow":["GET"]}}],"collection":[{"href":"https:\/\/www.europesays.com\/ch-fr\/wp-json\/wp\/v2\/posts"}],"about":[{"href":"https:\/\/www.europesays.com\/ch-fr\/wp-json\/wp\/v2\/types\/post"}],"author":[{"embeddable":true,"href":"https:\/\/www.europesays.com\/ch-fr\/wp-json\/wp\/v2\/users\/2"}],"replies":[{"embeddable":true,"href":"https:\/\/www.europesays.com\/ch-fr\/wp-json\/wp\/v2\/comments?post=217033"}],"version-history":[{"count":0,"href":"https:\/\/www.europesays.com\/ch-fr\/wp-json\/wp\/v2\/posts\/217033\/revisions"}],"wp:featuredmedia":[{"embeddable":true,"href":"https:\/\/www.europesays.com\/ch-fr\/wp-json\/wp\/v2\/media\/217034"}],"wp:attachment":[{"href":"https:\/\/www.europesays.com\/ch-fr\/wp-json\/wp\/v2\/media?parent=217033"}],"wp:term":[{"taxonomy":"category","embeddable":true,"href":"https:\/\/www.europesays.com\/ch-fr\/wp-json\/wp\/v2\/categories?post=217033"},{"taxonomy":"post_tag","embeddable":true,"href":"https:\/\/www.europesays.com\/ch-fr\/wp-json\/wp\/v2\/tags?post=217033"}],"curies":[{"name":"wp","href":"https:\/\/api.w.org\/{rel}","templated":true}]}}