{"id":217207,"date":"2026-07-14T04:22:13","date_gmt":"2026-07-14T04:22:13","guid":{"rendered":"https:\/\/www.europesays.com\/ch-fr\/217207\/"},"modified":"2026-07-14T04:22:13","modified_gmt":"2026-07-14T04:22:13","slug":"richie-sambora-de-bon-jovi-mon-role-dans-le-groupe-etait-de-la-fermer","status":"publish","type":"post","link":"https:\/\/www.europesays.com\/ch-fr\/217207\/","title":{"rendered":"Richie Sambora de Bon Jovi : \u00ab Mon r\u00f4le dans le groupe \u00e9tait de la fermer. \u00bb"},"content":{"rendered":"<p class=\"PDq2pG_selectionAnchorContainer\"><a href=\"https:\/\/virginradio.fr\/news\/rock\/4875\/bon-jovi-le-retour-de-richie-sambora-nest-pas-a-lordre-du-jour\" target=\"_blank\" rel=\"noopener nofollow\">Richie Sambora<\/a> est revenu sur son incroyable parcours au sein de <a href=\"https:\/\/virginradio.fr\/news\/rock\/8159\/bon-jovi-la-veritable-histoire-de-la-fondation-du-groupe-du-new-jersey\" target=\"_blank\" rel=\"noopener nofollow\">Bon Jovi<\/a> et sur son r\u00f4le dans la machine rock qu\u2019il a contribu\u00e9 \u00e0 construire pendant plus de trente ans. Le guitariste, qui a quitt\u00e9 le groupe en 2013, a livr\u00e9 une confession surprenante : selon lui, sa place dans le groupe \u00e9tait parfois simplement de\u2026 se taire.<\/p>\n<p>Lors d\u2019une interview accord\u00e9e \u00e0 Neil Rodgers dans l\u2019\u00e9mission Deep Hidden Meaning Radio sur Apple Music 1, le musicien est revenu sur sa relation avec Jon Bon Jovi et sur les ann\u00e9es pass\u00e9es \u00e0 \u00e9crire l\u2019histoire du groupe.<\/p>\n<p>Une relation apais\u00e9e avec Jon Bon Jovi<\/p>\n<p>Depuis son d\u00e9part de Bon Jovi, <a href=\"https:\/\/virginradio.fr\/news\/rock\/9020\/richie-sambora-chante-livin-on-a-prayer-au-mariage-de-sa-fille-jon-bon-jovi-n-est-pas-invite\" target=\"_blank\" rel=\"noopener nofollow\">Richie Sambora<\/a> affirme que ses rapports avec le chanteur se sont am\u00e9lior\u00e9s. Le guitariste garde notamment en m\u00e9moire les nombreux moments de complicit\u00e9 v\u00e9cus avec le groupe au sommet de sa carri\u00e8re.<\/p>\n<p>\u00ab Il y a eu des moments, durant notre carri\u00e8re, o\u00f9 la camaraderie \u00e9tait vraiment tr\u00e8s forte \u00bb, a-t-il expliqu\u00e9 durant l\u2019\u00e9mission.<\/p>\n<p>Malgr\u00e9 les tensions qui ont pu exister au fil des ann\u00e9es, Sambora estime que le lien cr\u00e9\u00e9 avec<a href=\"https:\/\/virginradio.fr\/news\/rock\/8451\/jon-bon-jovi-ne-voulait-pas-enregistrer-livin-on-a-prayer-il-voulait-que-ce-soit-beaucoup-plus-difficile\" target=\"_blank\" rel=\"noopener nofollow\"> Jon Bon Jovi<\/a> reste particulier, notamment gr\u00e2ce aux nombreux succ\u00e8s qu\u2019ils ont construits ensemble.<\/p>\n<p>\u00ab Mon r\u00f4le \u00e9tait de me taire \u00bb<\/p>\n<p>Au cours de l\u2019interview, Neil Rodgers a \u00e9voqu\u00e9 une id\u00e9e souvent r\u00e9pandue aupr\u00e8s du public : beaucoup pensaient que Jon Bon Jovi \u00e9tait l\u2019unique force cr\u00e9ative derri\u00e8re les chansons du groupe.<\/p>\n<p>Une vision que Richie Sambora a tenu \u00e0 nuancer. Selon lui, son r\u00f4le \u00e9tait parfois de laisser le chanteur prendre les d\u00e9cisions, m\u00eame lorsqu\u2019il avait lui aussi beaucoup d\u2019id\u00e9es.<\/p>\n<p>\u00ab Alors que tout \u00e9tait \u00e9crit\u2026 Eh bien, mon r\u00f4le \u00e9tait de me taire \u00bb, a d\u00e9clar\u00e9 le guitariste avec humour.<\/p>\n<p>Il a m\u00eame ajout\u00e9 une comparaison amusante : \u00ab Si j&rsquo;\u00e9tais dans un caf\u00e9 et que je devais choisir une boisson, je demanderais : \u201cAvez-vous une tasse fumante de \u2018Shut Up\u2019 ?\u201d Ce serait mon caf\u00e9. Et vous savez quoi ? Devinez quoi ? Je l&rsquo;ai fait. Et \u00e7a a march\u00e9 parce que c&rsquo;est ce dont le groupe avait besoin, pour de nombreuses raisons. \u00bb<\/p>\n<p>Une d\u00e9claration qui illustre la mani\u00e8re dont Sambora percevait son r\u00f4le dans l\u2019\u00e9quilibre du groupe : apporter ses id\u00e9es, mais aussi savoir quand laisser la vision collective prendre le dessus.<\/p>\n<p>L\u2019histoire derri\u00e8re \u00ab Wanted Dead or Alive \u00bb<\/p>\n<p>Parmi les nombreux classiques auxquels Richie Sambora a particip\u00e9, \u00ab Wanted Dead or Alive \u00bb, sorti en 1987 sur l\u2019album Slippery When Wet, occupe une place particuli\u00e8re.<\/p>\n<p>Le guitariste a expliqu\u00e9 que cette chanson avait \u00e9t\u00e9 pens\u00e9e pour permettre \u00e0 Bon Jovi de toucher une nouvelle g\u00e9n\u00e9ration de fans.<\/p>\n<p>\u00ab Je me suis dit que si le groupe devait continuer au fil des ans, il nous faudrait une chanson pour les jeunes. Et j&rsquo;ai eu cette id\u00e9e, \u00ab\u00a0Wanted Dead or Alive\u00a0\u00bb. \u00bb<\/p>\n<p>Sambora a \u00e9galement racont\u00e9 une anecdote improbable sur la cr\u00e9ation du c\u00e9l\u00e8bre riff : \u00ab Un jour, j&rsquo;\u00e9tais d\u00e9fonc\u00e9, assis dans le sous-sol de ma m\u00e8re \u00e0 attendre que Jon m&rsquo;apporte une pizza. Et j&rsquo;ai \u00e9crit ce riff en me disant : \u00ab\u00a0Bon, c&rsquo;est plut\u00f4t facile. \u00c7a a l&rsquo;air difficile \u00e0 jouer, mais \u00e7a ne l&rsquo;est pas du tout.\u00a0\u00bb \u00bb<\/p>\n<p>Selon lui, ce morceau a \u00e9galement jou\u00e9 un r\u00f4le important dans l\u2019\u00e9volution du public du groupe : \u00ab \u00c7a a donn\u00e9 envie aux filles d&rsquo;amener leurs maris et leurs copains \u00e0 nos concerts, pour qu&rsquo;elles n&rsquo;aient plus l&rsquo;impression de devoir se cacher. \u00bb<\/p>\n<p>Avec ses riffs reconnaissables et son ambiance de ballade western, \u00ab Wanted Dead or Alive \u00bb est devenu l\u2019un des morceaux embl\u00e9matiques de Bon Jovi, confirmant le talent de <a href=\"https:\/\/virginradio.fr\/news\/rock\/4789\/bon-jovi-richie-sambora-revient-avec-4-singles-inedits\" target=\"_blank\" rel=\"noopener nofollow\">Richie Sambora<\/a> comme compositeur et guitariste.<\/p>\n<p data-is-last-node=\"\" data-is-only-node=\"\">Aujourd\u2019hui, m\u00eame loin du groupe, Sambora continue de rappeler qu\u2019il n\u2019\u00e9tait pas seulement l\u2019homme derri\u00e8re les solos : il \u00e9tait l\u2019un des architectes du son Bon Jovi, m\u00eame lorsqu\u2019il choisissait de rester dans l\u2019ombre.<\/p>\n","protected":false},"excerpt":{"rendered":"Richie Sambora est revenu sur son incroyable parcours au sein de Bon Jovi et sur son r\u00f4le dans&hellip;\n","protected":false},"author":2,"featured_media":217208,"comment_status":"","ping_status":"","sticky":false,"template":"","format":"standard","meta":{"footnotes":"","_share_on_mastodon":"0"},"categories":[12],"tags":[694,22,384,3035,113,3030,3027,1570,112,3032,1430,696,3033,3031,3038,3029,140,141,3036,3037,3039,1091,117,3034,3040,673,3028,23,3024,3026,3025],"class_list":["post-217207","post","type-post","status-publish","format-standard","has-post-thumbnail","category-musique","tag-actu","tag-actualites","tag-cinema","tag-dab","tag-divertissement","tag-ecoute","tag-electro","tag-emission","tag-entertainment","tag-equipe","tag-fm","tag-info","tag-information","tag-infos","tag-interviews-rock","tag-journal","tag-music","tag-musique","tag-musique-rock","tag-nouveautes-rock","tag-playlists-rock","tag-podcast","tag-radio","tag-radio-en-ligne","tag-radio-rock","tag-rock","tag-station","tag-suisse","tag-virgin","tag-virgin-radio","tag-virginradio"],"share_on_mastodon":{"url":"https:\/\/pubeurope.com\/@ch_fr\/116916423587160241","error":""},"_links":{"self":[{"href":"https:\/\/www.europesays.com\/ch-fr\/wp-json\/wp\/v2\/posts\/217207","targetHints":{"allow":["GET"]}}],"collection":[{"href":"https:\/\/www.europesays.com\/ch-fr\/wp-json\/wp\/v2\/posts"}],"about":[{"href":"https:\/\/www.europesays.com\/ch-fr\/wp-json\/wp\/v2\/types\/post"}],"author":[{"embeddable":true,"href":"https:\/\/www.europesays.com\/ch-fr\/wp-json\/wp\/v2\/users\/2"}],"replies":[{"embeddable":true,"href":"https:\/\/www.europesays.com\/ch-fr\/wp-json\/wp\/v2\/comments?post=217207"}],"version-history":[{"count":0,"href":"https:\/\/www.europesays.com\/ch-fr\/wp-json\/wp\/v2\/posts\/217207\/revisions"}],"wp:featuredmedia":[{"embeddable":true,"href":"https:\/\/www.europesays.com\/ch-fr\/wp-json\/wp\/v2\/media\/217208"}],"wp:attachment":[{"href":"https:\/\/www.europesays.com\/ch-fr\/wp-json\/wp\/v2\/media?parent=217207"}],"wp:term":[{"taxonomy":"category","embeddable":true,"href":"https:\/\/www.europesays.com\/ch-fr\/wp-json\/wp\/v2\/categories?post=217207"},{"taxonomy":"post_tag","embeddable":true,"href":"https:\/\/www.europesays.com\/ch-fr\/wp-json\/wp\/v2\/tags?post=217207"}],"curies":[{"name":"wp","href":"https:\/\/api.w.org\/{rel}","templated":true}]}}