{"id":217285,"date":"2026-07-14T05:59:18","date_gmt":"2026-07-14T05:59:18","guid":{"rendered":"https:\/\/www.europesays.com\/ch-fr\/217285\/"},"modified":"2026-07-14T05:59:18","modified_gmt":"2026-07-14T05:59:18","slug":"fis-urs-lehmann-devient-secretaire-general-par-interim","status":"publish","type":"post","link":"https:\/\/www.europesays.com\/ch-fr\/217285\/","title":{"rendered":"FIS: Urs Lehmann devient secr\u00e9taire g\u00e9n\u00e9ral par int\u00e9rim"},"content":{"rendered":"\n<p> Abo     L\u2019homme fort du ski  \u2013   <\/p>\n<p> Urs Lehmann s\u2019est trouv\u00e9 malgr\u00e9 lui au plus proche du conflit \u00e0 la FIS <\/p>\n<p class=\"lead regular externalicon-big astro-mrojhlls\"> L\u2019ancien pr\u00e9sident de Swiss-Ski est devenu le secr\u00e9taire g\u00e9n\u00e9ral par int\u00e9rim de la F\u00e9d\u00e9ration internationale de ski (FIS) apr\u00e8s avoir d\u00e9missionn\u00e9 de son poste de directeur g\u00e9n\u00e9ral.   <\/p>\n<p>   <img loading=\"lazy\" decoding=\"async\" src=\"https:\/\/www.europesays.com\/ch-fr\/wp-content\/uploads\/2026\/07\/1784008758_781_5tPbE93oajJBDxV3qe_8_r.jpg\"  width=\"100\" height=\"100\"  alt=\"Rebecca Garcia\" class=\"AuthorImage -content-head authorimage astro-vmrqen7w astro-g7nkasli\" style=\"background-color:#808080\"\/>       Publi\u00e9 aujourd\u2019hui \u00e0 07h30                           LinkedIn Lien copi\u00e9 Error occurred      Facebook Lien copi\u00e9 Error occurred      X Lien copi\u00e9 Error occurred      E-mail Lien copi\u00e9 Error occurred      Copier le lien Lien copi\u00e9 Error occurred               <\/p>\n","protected":false},"excerpt":{"rendered":"Abo L\u2019homme fort du ski \u2013 Urs Lehmann s\u2019est trouv\u00e9 malgr\u00e9 lui au plus proche du conflit \u00e0&hellip;\n","protected":false},"author":2,"featured_media":217286,"comment_status":"","ping_status":"","sticky":false,"template":"","format":"standard","meta":{"footnotes":"","_share_on_mastodon":"0"},"categories":[8],"tags":[11335,1032,75,251,37,23,2709],"class_list":["post-217285","post","type-post","status-publish","format-standard","has-post-thumbnail","category-sports","tag-depth","tag-ski-alpin","tag-sports","tag-stats-editorial-team","tag-stats-seo","tag-suisse","tag-swiss-ski"],"share_on_mastodon":{"url":"https:\/\/pubeurope.com\/@ch_fr\/116916804767037309","error":""},"_links":{"self":[{"href":"https:\/\/www.europesays.com\/ch-fr\/wp-json\/wp\/v2\/posts\/217285","targetHints":{"allow":["GET"]}}],"collection":[{"href":"https:\/\/www.europesays.com\/ch-fr\/wp-json\/wp\/v2\/posts"}],"about":[{"href":"https:\/\/www.europesays.com\/ch-fr\/wp-json\/wp\/v2\/types\/post"}],"author":[{"embeddable":true,"href":"https:\/\/www.europesays.com\/ch-fr\/wp-json\/wp\/v2\/users\/2"}],"replies":[{"embeddable":true,"href":"https:\/\/www.europesays.com\/ch-fr\/wp-json\/wp\/v2\/comments?post=217285"}],"version-history":[{"count":0,"href":"https:\/\/www.europesays.com\/ch-fr\/wp-json\/wp\/v2\/posts\/217285\/revisions"}],"wp:featuredmedia":[{"embeddable":true,"href":"https:\/\/www.europesays.com\/ch-fr\/wp-json\/wp\/v2\/media\/217286"}],"wp:attachment":[{"href":"https:\/\/www.europesays.com\/ch-fr\/wp-json\/wp\/v2\/media?parent=217285"}],"wp:term":[{"taxonomy":"category","embeddable":true,"href":"https:\/\/www.europesays.com\/ch-fr\/wp-json\/wp\/v2\/categories?post=217285"},{"taxonomy":"post_tag","embeddable":true,"href":"https:\/\/www.europesays.com\/ch-fr\/wp-json\/wp\/v2\/tags?post=217285"}],"curies":[{"name":"wp","href":"https:\/\/api.w.org\/{rel}","templated":true}]}}