{"id":217786,"date":"2026-07-14T13:29:11","date_gmt":"2026-07-14T13:29:11","guid":{"rendered":"https:\/\/www.europesays.com\/ch-fr\/217786\/"},"modified":"2026-07-14T13:29:11","modified_gmt":"2026-07-14T13:29:11","slug":"ronde-des-fetes-la-fete-de-la-carpe-frite-puissance-huit-a-munchhouse","status":"publish","type":"post","link":"https:\/\/www.europesays.com\/ch-fr\/217786\/","title":{"rendered":"Ronde des f\u00eates. La F\u00eate de la carpe frite puissance huit \u00e0 Munchhouse"},"content":{"rendered":"<p class=\"insetTitle\">Le programme<\/p>\n<p>\u25b6 \u2002 Jeudi 16\u00a0juillet\u00a0: soir\u00e9e plein air after work avec le DJ Alex Kosta de 18\u00a0h \u00e0 23\u00a0h. Entr\u00e9e gratuite. Petite restauration sur place.<\/p>\n<p>\u25b6 \u2002 Vendredi 17\u00a0juillet, ce sera le grand loto et ses 4\u00a0000\u00a0\u20ac de prix de 18\u00a0h \u00e0 23\u00a0h avec entr\u00e9e gratuite. Repas sur r\u00e9servation jusqu\u2019\u00e0 19\u00a0h.<\/p>\n<p>\u25b6 \u2002 Samedi 18\u00a0juillet, soir\u00e9e pop rock de 18\u00a0h \u00e0 2\u00a0h\u00a030, anim\u00e9e par Dr Boost et le DJ Noda. Entr\u00e9e payante.<\/p>\n<p>\u25b6 \u2002 Dimanche 19\u00a0juillet, journ\u00e9e et soir\u00e9e avec le groupe Santa Esm\u00e9ralda de 11\u00a0h \u00e0 16\u00a0h et de 19\u00a0h \u00e0 1\u00a0h du matin. Ce dimanche \u00e9galement, le Celtic Hardt organisera son march\u00e9 aux puces et celui des producteurs et \u00e0 partir de 21\u00a0h sera diffus\u00e9e la finale de la Coupe du monde sur grand \u00e9cran.<\/p>\n<p>\u25b6 \u2002 La f\u00eate reprendra le jeudi 23\u00a0juillet avec un after work propos\u00e9 par le Red Canyon Band de 18\u00a0h \u00e0 23\u00a0h. Entr\u00e9e gratuite. Petite restauration sur place.<\/p>\n<p>\u25b6 \u2002 Vendredi 24\u00a0juillet, la danse sera au programme avec une soir\u00e9e \u00ab\u00a0G\u00e9n\u00e9ration ann\u00e9es 90-2000\u00a0\u00bb avec DJ Mast de 19\u00a0h \u00e0 2\u00a0h\u00a030. Entr\u00e9e payante.<\/p>\n<p>\u25b6 \u2002 Samedi 25\u00a0juillet, soir\u00e9e ann\u00e9es 80 avec les Challenger de 19\u00a0h \u00e0 2\u00a0h\u00a030. Entr\u00e9e payante.<\/p>\n<p>\u25b6 \u2002 Dimanche 26\u00a0juillet, journ\u00e9e et soir\u00e9e avec le groupe\u00a0Ma bonne \u00c9toile de 11\u00a0h \u00e0 16\u00a0h et de 19\u00a0h \u00e0 1\u00a0h du matin. Entr\u00e9e gratuite et grand feu d\u2019artifice \u00e0 22\u00a0h\u00a030.<\/p>\n","protected":false},"excerpt":{"rendered":"Le programme \u25b6 \u2002 Jeudi 16\u00a0juillet\u00a0: soir\u00e9e plein air after work avec le DJ Alex Kosta de 18\u00a0h&hellip;\n","protected":false},"author":2,"featured_media":217787,"comment_status":"","ping_status":"","sticky":false,"template":"","format":"standard","meta":{"footnotes":"","_share_on_mastodon":"0"},"categories":[7],"tags":[9276,16697,663,2655,45764,662,297,22623,2656,532,8976,18827,49068,141,61,57,59,58,23,60,62,16696],"class_list":["post-217786","post","type-post","status-publish","format-standard","has-post-thumbnail","category-sciences-et-technologies","tag-bourses","tag-brocantes","tag-culture-loisirs","tag-edition-colmar-guebwiller","tag-estivales","tag-fete-locale","tag-fil-info","tag-hardt","tag-haut-rhin","tag-jeux","tag-loto","tag-magazine-cuisine-et-vins","tag-munchhouse","tag-musique","tag-science","tag-science-and-technology","tag-sciences","tag-sciences-et-technologies","tag-suisse","tag-technologies","tag-technology","tag-vide-greniers"],"share_on_mastodon":{"url":"https:\/\/pubeurope.com\/@ch_fr\/116918574509957569","error":""},"_links":{"self":[{"href":"https:\/\/www.europesays.com\/ch-fr\/wp-json\/wp\/v2\/posts\/217786","targetHints":{"allow":["GET"]}}],"collection":[{"href":"https:\/\/www.europesays.com\/ch-fr\/wp-json\/wp\/v2\/posts"}],"about":[{"href":"https:\/\/www.europesays.com\/ch-fr\/wp-json\/wp\/v2\/types\/post"}],"author":[{"embeddable":true,"href":"https:\/\/www.europesays.com\/ch-fr\/wp-json\/wp\/v2\/users\/2"}],"replies":[{"embeddable":true,"href":"https:\/\/www.europesays.com\/ch-fr\/wp-json\/wp\/v2\/comments?post=217786"}],"version-history":[{"count":0,"href":"https:\/\/www.europesays.com\/ch-fr\/wp-json\/wp\/v2\/posts\/217786\/revisions"}],"wp:featuredmedia":[{"embeddable":true,"href":"https:\/\/www.europesays.com\/ch-fr\/wp-json\/wp\/v2\/media\/217787"}],"wp:attachment":[{"href":"https:\/\/www.europesays.com\/ch-fr\/wp-json\/wp\/v2\/media?parent=217786"}],"wp:term":[{"taxonomy":"category","embeddable":true,"href":"https:\/\/www.europesays.com\/ch-fr\/wp-json\/wp\/v2\/categories?post=217786"},{"taxonomy":"post_tag","embeddable":true,"href":"https:\/\/www.europesays.com\/ch-fr\/wp-json\/wp\/v2\/tags?post=217786"}],"curies":[{"name":"wp","href":"https:\/\/api.w.org\/{rel}","templated":true}]}}