{"id":219030,"date":"2026-07-15T11:14:27","date_gmt":"2026-07-15T11:14:27","guid":{"rendered":"https:\/\/www.europesays.com\/ch-fr\/219030\/"},"modified":"2026-07-15T11:14:27","modified_gmt":"2026-07-15T11:14:27","slug":"geneve-les-machines-cest-bien-mais-lhumain-cest-mieux-migros-ouvre-un-vrai-magasin-sans-personnel-le-dimanche-et-les-jours-feries","status":"publish","type":"post","link":"https:\/\/www.europesays.com\/ch-fr\/219030\/","title":{"rendered":"Gen\u00e8ve \u00ab Les machines c\u2019est bien, mais l\u2019humain c\u2019est mieux \u00bb\u00a0: Migros ouvre un vrai magasin sans personnel le dimanche et les jours f\u00e9ri\u00e9s"},"content":{"rendered":"<p>C\u2019est \u00e9crit en gros sur la devanture\u00a0: ouvert 365 jours par an. Le nouveau magasin Migros, dans le quartier de Vieusseux, \u00e0 Gen\u00e8ve, met clairement en avant sa sp\u00e9cificit\u00e9. Tous les jours de la semaine, il est donc possible de venir y faire ses courses.<\/p>\n<p>Du lundi au samedi, le supermarch\u00e9 fonctionne normalement. Le dimanche, il est vid\u00e9 de ses employ\u00e9s mais pas de ses produits en vente. Un simple vigile, appuy\u00e9 par&#8230;<\/p>\n","protected":false},"excerpt":{"rendered":"C\u2019est \u00e9crit en gros sur la devanture\u00a0: ouvert 365 jours par an. Le nouveau magasin Migros, dans le&hellip;\n","protected":false},"author":2,"featured_media":219031,"comment_status":"","ping_status":"","sticky":false,"template":"","format":"standard","meta":{"footnotes":"","_share_on_mastodon":"0"},"categories":[17],"tags":[8981,9180,2933,1321,44,3766,9179,170,169,1781,238,23],"class_list":["post-219030","post","type-post","status-publish","format-standard","has-post-thumbnail","category-geneve","tag-annemasse","tag-annemasse-bassin","tag-commerce-et-services","tag-consommation","tag-economie","tag-edition-grand-geneve-chablais-ain","tag-frontaliers","tag-geneva","tag-geneve","tag-haute-savoie","tag-societe","tag-suisse"],"share_on_mastodon":{"url":"https:\/\/pubeurope.com\/@ch_fr\/116923705935616914","error":""},"_links":{"self":[{"href":"https:\/\/www.europesays.com\/ch-fr\/wp-json\/wp\/v2\/posts\/219030","targetHints":{"allow":["GET"]}}],"collection":[{"href":"https:\/\/www.europesays.com\/ch-fr\/wp-json\/wp\/v2\/posts"}],"about":[{"href":"https:\/\/www.europesays.com\/ch-fr\/wp-json\/wp\/v2\/types\/post"}],"author":[{"embeddable":true,"href":"https:\/\/www.europesays.com\/ch-fr\/wp-json\/wp\/v2\/users\/2"}],"replies":[{"embeddable":true,"href":"https:\/\/www.europesays.com\/ch-fr\/wp-json\/wp\/v2\/comments?post=219030"}],"version-history":[{"count":0,"href":"https:\/\/www.europesays.com\/ch-fr\/wp-json\/wp\/v2\/posts\/219030\/revisions"}],"wp:featuredmedia":[{"embeddable":true,"href":"https:\/\/www.europesays.com\/ch-fr\/wp-json\/wp\/v2\/media\/219031"}],"wp:attachment":[{"href":"https:\/\/www.europesays.com\/ch-fr\/wp-json\/wp\/v2\/media?parent=219030"}],"wp:term":[{"taxonomy":"category","embeddable":true,"href":"https:\/\/www.europesays.com\/ch-fr\/wp-json\/wp\/v2\/categories?post=219030"},{"taxonomy":"post_tag","embeddable":true,"href":"https:\/\/www.europesays.com\/ch-fr\/wp-json\/wp\/v2\/tags?post=219030"}],"curies":[{"name":"wp","href":"https:\/\/api.w.org\/{rel}","templated":true}]}}