{"id":219576,"date":"2026-07-15T18:31:30","date_gmt":"2026-07-15T18:31:30","guid":{"rendered":"https:\/\/www.europesays.com\/ch-fr\/219576\/"},"modified":"2026-07-15T18:31:30","modified_gmt":"2026-07-15T18:31:30","slug":"les-sparring-partners-atout-majeur-du-swiss-open","status":"publish","type":"post","link":"https:\/\/www.europesays.com\/ch-fr\/219576\/","title":{"rendered":"Les sparring partners, atout majeur du Swiss Open"},"content":{"rendered":"<p>Depuis trois\u00a0ans, le Swiss Open Geneva a mis en place une \u00e9quipe de sparring partner. Avec pour objectif de permettre aux participants du tournoi de s\u2019entrainer dans les meilleures conditions pendant la semaine. Un moyen, aussi, de cr\u00e9er du lien entre pratiquants valides et en fauteuil.\u00a0<\/p>\n<p>Les t\u00eates d\u2019affiche du tournoi, l\u2019Espagnol Martin de la Puente et la Colombienne Angelica Bernal, s\u2019entrainent sur les courts annexes du Drizia Miremont. A quelques heures de leurs entr\u00e9es en lice dans le tableau, ces deux athl\u00e8tes peuvent b\u00e9n\u00e9ficier de sparring partners pour peaufiner leurs coups. Ces passionn\u00e9s de tennis appr\u00e9cient ces moments o\u00f9 ils c\u00f4toient des stars de la discipline.\u00a0<\/p>\n<p>\u00abJ&rsquo;ai \u00e9norm\u00e9ment de respect pour eux. Ils jouent en chaise mais je les consid\u00e8re comme des joueurs valide, souligne Joachim Scribante, 20 ans,\u00a0membre du TC Bernex et pr\u00e9sent depuis les d\u00e9buts. On cr\u00e9e de vraies relations humaines, ils se rappellent de nous\u00bb.<\/p>\n<p>\u00abNous avons \u00e9t\u00e9 form\u00e9 avant le tournoi car les r\u00e8gles en tennis fauteuil sont un peu diff\u00e9rentes. Nous essayons de jouer pour eux, de nous adapter pour qu\u2019ils s\u2019entrainent au mieux, d\u00e9veloppe charlotte de hantsetters, 25 ans. Ce matin, par exemple, j\u2019ai \u00e9chang\u00e9 quelques balles avec un joueur qui est venu sans entraineur pour le tournoi. Il \u00e9tait tr\u00e8s heureux de b\u00e9n\u00e9ficer d\u2019un sparring partner avant son match. En plus, il a gagn\u00e9 donc c\u2019est parfait !\u00bb<\/p>\n<p class=\"wysiwyg-h2\">Vraie plus-value pour les participants au tournoi<\/p>\n<p>Pour les joueurs et joueuses, c\u2019est un vrai plus. Rarement, ils peuvent b\u00e9n\u00e9ficier de conditions d\u2019entrainement de ce type en tournoi. C\u2019est aussi un vecteur d\u2019inclusion entre le tennis fauteuil et le tennis valide. \u00abC&rsquo;est une tr\u00e8s bonne opportunit\u00e9 car cela nous facilite la t\u00e2che. Normalement, nous devons trouver des joueurs pour s&rsquo;entrainer en tournoi, explique l&rsquo;Espagnol\u00a0Martin de la Puente. Jouer au tennis, c&rsquo;est la meilleure chose qu&rsquo;il soit ! Assis ou debout, peu importe!\u00bb.<\/p>\n<p>Pour cette troisi\u00e8mee \u00e9dition, le groupe de sparring partners \u00e9tait compos\u00e9 de sept\u00a0\u00e9l\u00e9ments. Un collectif soud\u00e9 qui permet aux athl\u00e8tes de fournir le meilleur d\u2019eux-m\u00eames.<\/p>\n","protected":false},"excerpt":{"rendered":"Depuis trois\u00a0ans, le Swiss Open Geneva a mis en place une \u00e9quipe de sparring partner. Avec pour objectif&hellip;\n","protected":false},"author":2,"featured_media":219577,"comment_status":"","ping_status":"","sticky":false,"template":"","format":"standard","meta":{"footnotes":"","_share_on_mastodon":"0"},"categories":[17],"tags":[170,169,230,186,23,231,232],"class_list":["post-219576","post","type-post","status-publish","format-standard","has-post-thumbnail","category-geneve","tag-geneva","tag-geneve","tag-leman-bleu","tag-sport","tag-suisse","tag-television-geneve","tag-television-nyon"],"share_on_mastodon":{"url":"https:\/\/pubeurope.com\/@ch_fr\/116925424466871241","error":""},"_links":{"self":[{"href":"https:\/\/www.europesays.com\/ch-fr\/wp-json\/wp\/v2\/posts\/219576","targetHints":{"allow":["GET"]}}],"collection":[{"href":"https:\/\/www.europesays.com\/ch-fr\/wp-json\/wp\/v2\/posts"}],"about":[{"href":"https:\/\/www.europesays.com\/ch-fr\/wp-json\/wp\/v2\/types\/post"}],"author":[{"embeddable":true,"href":"https:\/\/www.europesays.com\/ch-fr\/wp-json\/wp\/v2\/users\/2"}],"replies":[{"embeddable":true,"href":"https:\/\/www.europesays.com\/ch-fr\/wp-json\/wp\/v2\/comments?post=219576"}],"version-history":[{"count":0,"href":"https:\/\/www.europesays.com\/ch-fr\/wp-json\/wp\/v2\/posts\/219576\/revisions"}],"wp:featuredmedia":[{"embeddable":true,"href":"https:\/\/www.europesays.com\/ch-fr\/wp-json\/wp\/v2\/media\/219577"}],"wp:attachment":[{"href":"https:\/\/www.europesays.com\/ch-fr\/wp-json\/wp\/v2\/media?parent=219576"}],"wp:term":[{"taxonomy":"category","embeddable":true,"href":"https:\/\/www.europesays.com\/ch-fr\/wp-json\/wp\/v2\/categories?post=219576"},{"taxonomy":"post_tag","embeddable":true,"href":"https:\/\/www.europesays.com\/ch-fr\/wp-json\/wp\/v2\/tags?post=219576"}],"curies":[{"name":"wp","href":"https:\/\/api.w.org\/{rel}","templated":true}]}}