{"id":219748,"date":"2026-07-15T20:55:17","date_gmt":"2026-07-15T20:55:17","guid":{"rendered":"https:\/\/www.europesays.com\/ch-fr\/219748\/"},"modified":"2026-07-15T20:55:17","modified_gmt":"2026-07-15T20:55:17","slug":"tour-de-france-soren-waerenskjold-gagne-la-11e-etape-au-sprint","status":"publish","type":"post","link":"https:\/\/www.europesays.com\/ch-fr\/219748\/","title":{"rendered":"Tour de France : Soren Waerenskjold gagne la 11e \u00e9tape au sprint"},"content":{"rendered":"<p>Le Norv\u00e9gien Soren Waerenskjold a lev\u00e9 les bras au terme de la 11e \u00e9tape du Tour de France \u00e0 Nevers. De son c\u00f4t\u00e9, le maillot jaune Tadej Pogacar a pass\u00e9 une journ\u00e9e tranquille au sein du peloton.<\/p>\n<p>Au terme de la course la plus rapide de l&rsquo;histoire de la Grande Boucle (50,9 km\/h de moyenne contre 50,36km\/h pour l&rsquo;ancienne marque qui datait de 1999), Waerenskjold a surpris les autres sprinteurs en d\u00e9marrant son effort \u00e0 500m de la ligne. Il remporte ainsi sa premi\u00e8re \u00e9tape sur le Tour de France.<\/p>\n<p>Sur cette \u00e9tape relativement plane, rythm\u00e9e par deux cols de 4e cat\u00e9gorie sur les 161 km du parcours, quatre \u00e9chapp\u00e9s ont tent\u00e9 leur chance \u00e0 150 km de l&rsquo;arriv\u00e9e. Mais le double champion du monde de course en ligne Julian Alaphilippe (Tudor) et ses compagnons n&rsquo;ont jamais pu prendre le large, eux qui n&rsquo;ont jamais compt\u00e9 plus de 1&rsquo;30 d&rsquo;avance sur le peloton.<\/p>\n<p>Classement inchang\u00e9<\/p>\n<p>Pas de changement au classement g\u00e9n\u00e9ral, avec le Slov\u00e8ne Pogacar toujours solidement en t\u00eate avec 3&rsquo;36 d&rsquo;avance sur son dauphin Jonas Vingegaard et 4&rsquo;06 sur le troisi\u00e8me Remco Evenepoel. Meilleur Suisse, le Jurassien Yannis Voisard a conserv\u00e9 sa 16e place \u00e0 15&rsquo;36 du leader.<\/p>\n<p>&gt;&gt; A lire aussi\u00a0: <a href=\"https:\/\/www.rts.ch\/sport\/cyclisme\/2026\/article\/crevaison-a-velo-nos-conseils-pour-reparer-et-changer-un-pneu-29303858.html\" data-item-id=\"richtext_link\" rel=\"nofollow noopener\" target=\"_blank\">Nos conseils pour g\u00e9rer une crevaison, le cauchemar des cyclistes<\/a><\/p>\n<p class=\"sources\">ats\/pza<\/p>\n","protected":false},"excerpt":{"rendered":"Le Norv\u00e9gien Soren Waerenskjold a lev\u00e9 les bras au terme de la 11e \u00e9tape du Tour de France&hellip;\n","protected":false},"author":2,"featured_media":219749,"comment_status":"","ping_status":"","sticky":false,"template":"","format":"standard","meta":{"footnotes":"","_share_on_mastodon":"0"},"categories":[8],"tags":[35548,21622,1105,13638,1107,21625,795,48380,48111,186,75,23,13522,1135,34762,46833],"class_list":["post-219748","post","type-post","status-publish","format-standard","has-post-thumbnail","category-sports","tag-11e-etape","tag-alpecin-premier-tech","tag-cyclisme","tag-decathlon-cma-cgm-team","tag-etape","tag-jasper-philipsen","tag-norvege","tag-olav-kooij","tag-soren-waerenskjold","tag-sport","tag-sports","tag-suisse","tag-tadej-pogacar","tag-tour-de-france","tag-uno-x-mobility","tag-world-tour-tour-de-france"],"share_on_mastodon":{"url":"https:\/\/pubeurope.com\/@ch_fr\/116925990658476563","error":""},"_links":{"self":[{"href":"https:\/\/www.europesays.com\/ch-fr\/wp-json\/wp\/v2\/posts\/219748","targetHints":{"allow":["GET"]}}],"collection":[{"href":"https:\/\/www.europesays.com\/ch-fr\/wp-json\/wp\/v2\/posts"}],"about":[{"href":"https:\/\/www.europesays.com\/ch-fr\/wp-json\/wp\/v2\/types\/post"}],"author":[{"embeddable":true,"href":"https:\/\/www.europesays.com\/ch-fr\/wp-json\/wp\/v2\/users\/2"}],"replies":[{"embeddable":true,"href":"https:\/\/www.europesays.com\/ch-fr\/wp-json\/wp\/v2\/comments?post=219748"}],"version-history":[{"count":0,"href":"https:\/\/www.europesays.com\/ch-fr\/wp-json\/wp\/v2\/posts\/219748\/revisions"}],"wp:featuredmedia":[{"embeddable":true,"href":"https:\/\/www.europesays.com\/ch-fr\/wp-json\/wp\/v2\/media\/219749"}],"wp:attachment":[{"href":"https:\/\/www.europesays.com\/ch-fr\/wp-json\/wp\/v2\/media?parent=219748"}],"wp:term":[{"taxonomy":"category","embeddable":true,"href":"https:\/\/www.europesays.com\/ch-fr\/wp-json\/wp\/v2\/categories?post=219748"},{"taxonomy":"post_tag","embeddable":true,"href":"https:\/\/www.europesays.com\/ch-fr\/wp-json\/wp\/v2\/tags?post=219748"}],"curies":[{"name":"wp","href":"https:\/\/api.w.org\/{rel}","templated":true}]}}