{"id":219902,"date":"2026-07-16T00:28:18","date_gmt":"2026-07-16T00:28:18","guid":{"rendered":"https:\/\/www.europesays.com\/ch-fr\/219902\/"},"modified":"2026-07-16T00:28:18","modified_gmt":"2026-07-16T00:28:18","slug":"la-france-adopte-definitivement-la-loi-sur-laide-a-mourir","status":"publish","type":"post","link":"https:\/\/www.europesays.com\/ch-fr\/219902\/","title":{"rendered":"La France adopte d\u00e9finitivement la loi sur l&rsquo;aide \u00e0 mourir"},"content":{"rendered":"<p>Le droit \u00e0 \u00ab\u00a0l&rsquo;aide \u00e0 mourir\u00a0\u00bb, r\u00e9forme soci\u00e9tale majeure de la pr\u00e9sidence d&rsquo;Emmanuel Macron, a \u00e9t\u00e9 ent\u00e9rin\u00e9 mercredi par le Parlement fran\u00e7ais, sous les applaudissements de partisans du texte, apr\u00e8s des ann\u00e9es des d\u00e9bats.<\/p>\n<p>Pour la quatri\u00e8me fois en un an, l&rsquo;Assembl\u00e9e nationale &#8211; la chambre basse du Parlement fran\u00e7ais &#8211; a approuv\u00e9 la proposition de loi &#8211; promesse d&rsquo;Emmanuel Macron -, par 291 voix contre 241 (et 29 absentions).<\/p>\n<p> &gt;&gt; Les explications de Forum avant le vote\u00a0:    Les d\u00e9put\u00e9s votent sur l&rsquo;aide \u00e0 mourir en France \/ Forum \/ 2 min. \/ hier \u00e0 18:08 <\/p>\n<p>Les d\u00e9put\u00e9s, \u00e0 qui le gouvernement a donn\u00e9 le dernier mot apr\u00e8s trois rejets du S\u00e9nat &#8211; la chambre haute -, ont autoris\u00e9 pour la premi\u00e8re fois l&rsquo;assistance au suicide, voire l&rsquo;euthanasie, avec une s\u00e9rie de conditions.<\/p>\n<p>La France rejoint ainsi le cercle relativement restreint des nations ayant ouvert ce droit, de la Belgique aux Pays-Bas en passant par la Suisse, le Canada ou l&rsquo;Uruguay.<\/p>\n<p>\u00ab\u00a0Il y a des souffrances que plus rien n&rsquo;apaise (&#8230;) qui emp\u00eachent de vivre\u00a0\u00bb a d\u00e9clar\u00e9 \u00e0 la tribune la ministre d\u00e9l\u00e9gu\u00e9e Camille Galliard-Minier (Autonomie et Personnes handicap\u00e9es), ouvrant les d\u00e9bats en appelant \u00e0 regarder \u00ab\u00a0cette r\u00e9alit\u00e9 (&#8230;) en face, avec respect et avec humilit\u00e9\u00a0\u00bb.<\/p>\n<p>Si la gauche et les macronistes ont majoritairement vot\u00e9 pour, et la droite et l&rsquo;extr\u00eame droite contre, chaque groupe a laiss\u00e9 ses membres libres de leur vote, sur un sujet m\u00ealant l&rsquo;intime au politique.<\/p>\n<p>Patients majeurs et affection incurable<\/p>\n<p>Ce nouveau droit serait r\u00e9serv\u00e9 aux patients majeurs, atteints d&rsquo;une affection incurable engageant le pronostic vital, et qui peuvent exprimer leur volont\u00e9 de mani\u00e8re \u00ab\u00a0libre et \u00e9clair\u00e9e\u00a0\u00bb. Un m\u00e9decin v\u00e9rifierait leur \u00e9ligibilit\u00e9, puis une proc\u00e9dure coll\u00e9giale \u00e9valuerait les crit\u00e8res, avant que le m\u00e9decin ne prenne in fine la d\u00e9cision seul.<\/p>\n<p>Le malade pourrait renoncer \u00e0 tout moment, et s&rsquo;administrerait lui-m\u00eame le produit l\u00e9tal, sauf lorsqu&rsquo;il \u00ab\u00a0n&rsquo;est physiquement pas en mesure de le faire\u00a0\u00bb, un m\u00e9decin ou un infirmier pouvant s&rsquo;en charger.<\/p>\n<p>Deux \u00e9tapes d\u00e9cisives<\/p>\n<p>Il reste toutefois deux \u00e9tapes d\u00e9cisives avant que ce nouveau droit soit consacr\u00e9.<\/p>\n<p>A l&rsquo;instar du pr\u00e9sident du S\u00e9nat G\u00e9rard Larcher (droite), le Premier ministre S\u00e9bastien Lecornu a annonc\u00e9 mardi qu&rsquo;il saisirait le Conseil constitutionnel, pour tenir compte des oppositions qui persistent, surtout \u00e0 droite. Un choix fait \u00ab\u00a0en concertation avec le pr\u00e9sident de la R\u00e9publique\u00a0\u00bb, a assur\u00e9 la porte-parole du gouvernement Maud Bregeon.<\/p>\n<p>Dans une d\u00e9cision qui pourrait intervenir autour du 15 ao\u00fbt, les Sages devront notamment dire si certaines clauses, comme le d\u00e9lai de r\u00e9flexion minimal de deux jours octroy\u00e9s au malade apr\u00e8s l&rsquo;accord des m\u00e9decins \u00e0 une aide \u00e0 mourir, sont compatibles avec les \u00ab\u00a0principes de libert\u00e9 individuelle et dignit\u00e9 humaine\u00a0\u00bb, selon les services du Premier ministre.<\/p>\n<p>Apr\u00e8s cela, le chef de l&rsquo;Etat pourra promulguer le texte, puis viendra le temps de r\u00e9diger les d\u00e9crets encadrant l&rsquo;application de la loi, particuli\u00e8rement attendus. Une ministre hostile au texte vot\u00e9 esp\u00e8re qu&rsquo;ils emp\u00eacheront toute \u00ab\u00a0d\u00e9rive\u00a0\u00bb.<\/p>\n<p class=\"sources\">cab avec afp<\/p>\n","protected":false},"excerpt":{"rendered":"Le droit \u00e0 \u00ab\u00a0l&rsquo;aide \u00e0 mourir\u00a0\u00bb, r\u00e9forme soci\u00e9tale majeure de la pr\u00e9sidence d&rsquo;Emmanuel Macron, a \u00e9t\u00e9 ent\u00e9rin\u00e9 mercredi&hellip;\n","protected":false},"author":2,"featured_media":219903,"comment_status":"","ping_status":"","sticky":false,"template":"","format":"standard","meta":{"footnotes":"","_share_on_mastodon":"0"},"categories":[4],"tags":[22,5430,4520,6951,1797,30,421,21,49423,92,1254,238,23,1803,745],"class_list":["post-219902","post","type-post","status-publish","format-standard","has-post-thumbnail","category-actualites","tag-actualites","tag-assemblee-nationale","tag-emmanuel-macron","tag-fin-de-vie","tag-fin-de-vie-et-mort","tag-france","tag-monde","tag-news","tag-parlement-francais","tag-politique","tag-projet-de-loi","tag-societe","tag-suisse","tag-valeurs","tag-vote"],"share_on_mastodon":{"url":"https:\/\/pubeurope.com\/@ch_fr\/116926828067131588","error":""},"_links":{"self":[{"href":"https:\/\/www.europesays.com\/ch-fr\/wp-json\/wp\/v2\/posts\/219902","targetHints":{"allow":["GET"]}}],"collection":[{"href":"https:\/\/www.europesays.com\/ch-fr\/wp-json\/wp\/v2\/posts"}],"about":[{"href":"https:\/\/www.europesays.com\/ch-fr\/wp-json\/wp\/v2\/types\/post"}],"author":[{"embeddable":true,"href":"https:\/\/www.europesays.com\/ch-fr\/wp-json\/wp\/v2\/users\/2"}],"replies":[{"embeddable":true,"href":"https:\/\/www.europesays.com\/ch-fr\/wp-json\/wp\/v2\/comments?post=219902"}],"version-history":[{"count":0,"href":"https:\/\/www.europesays.com\/ch-fr\/wp-json\/wp\/v2\/posts\/219902\/revisions"}],"wp:featuredmedia":[{"embeddable":true,"href":"https:\/\/www.europesays.com\/ch-fr\/wp-json\/wp\/v2\/media\/219903"}],"wp:attachment":[{"href":"https:\/\/www.europesays.com\/ch-fr\/wp-json\/wp\/v2\/media?parent=219902"}],"wp:term":[{"taxonomy":"category","embeddable":true,"href":"https:\/\/www.europesays.com\/ch-fr\/wp-json\/wp\/v2\/categories?post=219902"},{"taxonomy":"post_tag","embeddable":true,"href":"https:\/\/www.europesays.com\/ch-fr\/wp-json\/wp\/v2\/tags?post=219902"}],"curies":[{"name":"wp","href":"https:\/\/api.w.org\/{rel}","templated":true}]}}