{"id":220902,"date":"2026-07-16T17:23:08","date_gmt":"2026-07-16T17:23:08","guid":{"rendered":"https:\/\/www.europesays.com\/ch-fr\/220902\/"},"modified":"2026-07-16T17:23:08","modified_gmt":"2026-07-16T17:23:08","slug":"une-femme-agressee-au-couteau-par-son-ex-compagnon-a-chambrelien","status":"publish","type":"post","link":"https:\/\/www.europesays.com\/ch-fr\/220902\/","title":{"rendered":"Une femme agress\u00e9e au couteau par son ex-compagnon \u00e0 Chambrelien"},"content":{"rendered":"\n<p>Une femme et son p\u00e8re sont bless\u00e9s au couteau mercredi soir \u00e0 Chambrelien par l&rsquo;ancien compagnon de la victime.L&rsquo;agresseur pr\u00e9sum\u00e9 avait d\u00e9j\u00e0 \u00e9t\u00e9 condamn\u00e9 en automne dernier pour violation de domicile, contrainte et harc\u00e8lement t\u00e9l\u00e9phonique envers cette femme.Des voisins et passants ma\u00eetrisent l&rsquo;homme avant l&rsquo;arriv\u00e9e de la police, qui demande sa mise en d\u00e9tention provisoire.<\/p>\n<p>Ce r\u00e9sum\u00e9 a-t-il \u00e9t\u00e9 utile ?<\/p>\n<p>    \u2139\ufe0f R\u00e9sum\u00e9 propos\u00e9 par l&rsquo;IA et valid\u00e9 par nos journalistes. <a class=\"article-summary-info__link\" href=\"https:\/\/www.rts.ch\/entreprise\/2025\/article\/charte-sur-l-utilisation-de-l-ia-a-la-rts-29020587.html\" rel=\"nofollow noopener\" target=\"_blank\">En savoir plus<\/a>  <\/p>\n<p> Masquer  <\/p>\n","protected":false},"excerpt":{"rendered":"Une femme et son p\u00e8re sont bless\u00e9s au couteau mercredi soir \u00e0 Chambrelien par l&rsquo;ancien compagnon de la&hellip;\n","protected":false},"author":2,"featured_media":220903,"comment_status":"","ping_status":"","sticky":false,"template":"","format":"standard","meta":{"footnotes":"","_share_on_mastodon":"0"},"categories":[4],"tags":[22,502,2926,1000,15536,503,504,711,2678,133,21,1769,306,21655,23,443],"class_list":["post-220902","post","type-post","status-publish","format-standard","has-post-thumbnail","category-actualites","tag-actualites","tag-agression","tag-attaque","tag-canton-de-neuchatel","tag-couteau","tag-criminalite","tag-droit-et-justice","tag-forces-de-lordre","tag-jardin","tag-neuchatel","tag-news","tag-pere","tag-police","tag-rochefort","tag-suisse","tag-victime"],"share_on_mastodon":{"url":"https:\/\/pubeurope.com\/@ch_fr\/116930819272584131","error":""},"_links":{"self":[{"href":"https:\/\/www.europesays.com\/ch-fr\/wp-json\/wp\/v2\/posts\/220902","targetHints":{"allow":["GET"]}}],"collection":[{"href":"https:\/\/www.europesays.com\/ch-fr\/wp-json\/wp\/v2\/posts"}],"about":[{"href":"https:\/\/www.europesays.com\/ch-fr\/wp-json\/wp\/v2\/types\/post"}],"author":[{"embeddable":true,"href":"https:\/\/www.europesays.com\/ch-fr\/wp-json\/wp\/v2\/users\/2"}],"replies":[{"embeddable":true,"href":"https:\/\/www.europesays.com\/ch-fr\/wp-json\/wp\/v2\/comments?post=220902"}],"version-history":[{"count":0,"href":"https:\/\/www.europesays.com\/ch-fr\/wp-json\/wp\/v2\/posts\/220902\/revisions"}],"wp:featuredmedia":[{"embeddable":true,"href":"https:\/\/www.europesays.com\/ch-fr\/wp-json\/wp\/v2\/media\/220903"}],"wp:attachment":[{"href":"https:\/\/www.europesays.com\/ch-fr\/wp-json\/wp\/v2\/media?parent=220902"}],"wp:term":[{"taxonomy":"category","embeddable":true,"href":"https:\/\/www.europesays.com\/ch-fr\/wp-json\/wp\/v2\/categories?post=220902"},{"taxonomy":"post_tag","embeddable":true,"href":"https:\/\/www.europesays.com\/ch-fr\/wp-json\/wp\/v2\/tags?post=220902"}],"curies":[{"name":"wp","href":"https:\/\/api.w.org\/{rel}","templated":true}]}}