{"id":222157,"date":"2026-07-17T15:21:16","date_gmt":"2026-07-17T15:21:16","guid":{"rendered":"https:\/\/www.europesays.com\/ch-fr\/222157\/"},"modified":"2026-07-17T15:21:16","modified_gmt":"2026-07-17T15:21:16","slug":"chambrelien-lagresseur-au-couteau-etait-connu-de-la-justice-arcinfo","status":"publish","type":"post","link":"https:\/\/www.europesays.com\/ch-fr\/222157\/","title":{"rendered":"Chambrelien: l\u2019agresseur au couteau \u00e9tait connu de la justice &#8211; ArcInfo"},"content":{"rendered":"<p><a href=\"https:\/\/news.google.com\/rss\/articles\/CBMixAFBVV95cUxPbXdhMDB2d3FYVk9kQTVnRUZ4YWlRQ3JMM2d3Ym9QS2NFMGtLTm82RF95REY2eFlyVGJiTmVHTjQzdklFSHFMYXJ1ZnVLelpnY3VWbEQ4UEFQZ0gzQmhZa01WelcxTURoTmJCQk00Z1lhcXF4RmJzLVVWVTVoTWtlZklmNzNnNGlENGVKaWpxOUtJbWY5eHZBNWd3ZWVFYW9WR1Vrek9YWHN5TU9GTjRpQW9DSDZSeWdIOEZwZV9NaHEyNGpa?oc=5\" target=\"_blank\" rel=\"nofollow noopener\">Chambrelien: l\u2019agresseur au couteau \u00e9tait connu de la justice<\/a>&nbsp;&nbsp;ArcInfo<a href=\"https:\/\/news.google.com\/rss\/articles\/CBMizgFBVV95cUxPRlZPMjlBLXc1cmczVGZ3V2hKUmh0dGlFb2pCcldnZU9NbEFPMk1mV1ppaGd4bjJzLUwyNE1zZXh5cndoeGF3czVTeG5IOEJ2cjN4RHBJMEowVk5QdWMwbTFUVS1ZVGppSS14dU5FcDhXcWZ6SFhySC16TEdxOVF4VW5EeE9mLTlnQ1pNYzRoeldLWUZxS3N0OUVhb05wdUZlcWtWRV94SkJ2UXZqc0dReVBSQ09ZeFUwaEdnZy00T0hJOUltM1VGbDRRT0lEZw?oc=5\" target=\"_blank\" rel=\"nofollow noopener\">Une femme agress\u00e9e au couteau par son ex-compagnon \u00e0 Chambrelien<\/a>&nbsp;&nbsp;rts.ch<a href=\"https:\/\/news.google.com\/rss\/articles\/CBMisgFBVV95cUxOSEYyZm1yLTRpWW50WFhvYVczUDU2M0JhVXU5azNpRFN2enl6eWxJdWNGUHlCVDRoaDFpYUNhd0dHdnQ0Mk9tSXF2al9ndXVYci1aalBXUG53eTlNMHBmcEpWbHVRTC1RdTNmZWlZanVpOS1Pd0VQOEpZWUVTSU9IOVVPend2RGUzX2V1bmxCSmwyM3pQeU5MLXZRcE5QWmdmNUNmbDNBM3ZSTkRyVzRmMTBn?oc=5\" target=\"_blank\" rel=\"nofollow noopener\">Chambrelien : un jeune homme agresse son ex-compagne et son p\u00e8re au couteau<\/a>&nbsp;&nbsp;20 Minuten<a href=\"https:\/\/news.google.com\/rss\/articles\/CBMiiwFBVV95cUxQR2NaMmIxelNweW82V0RGdGlwelBQaWJfdkNqM2Q0cU41dzFyV1Nhdk5JakpxZnpYc3h6Zm1jbmcwamRXbDdyXzBkNU8xRElGcmtEZGJLbEVHNWpwQWUyTHdlb2NaQW95cnlwYVdaOVFRV1lQSkVXTkhLUTlFY0p6SFpkV0l6ZXM0ZzNB?oc=5\" target=\"_blank\" rel=\"nofollow noopener\">agression au couteau \u00e0 chambrelien : son ex-compagnon interpell\u00e9<\/a>&nbsp;&nbsp;La T\u00e9l\u00e9<a href=\"https:\/\/news.google.com\/rss\/articles\/CBMipwFBVV95cUxQNzV5T2lSN25xR2JUTWlCdzNfYVlMX1lGMUUyc05vNmpKRmFUREh5SVBpbkVlbFNzT0k2NjlTc0F5SzhXWGJnclRHU3pLNnRRbW1HOHZuVWVMb0kwdHFRVE9fdGJKQjd6ZFpiQnMyQVJkcTN2WTU1b0U0T0FpaWFGT0R1TGNYM3VtOHBOUGpKN1h0OWNoSzQ1cExETDVndHVBSExsOGdDNA?oc=5\" target=\"_blank\" rel=\"nofollow noopener\">Chambrelien (NE): Une femme agress\u00e9e au couteau par son ex-compagnon<\/a>&nbsp;&nbsp;Le Matin<\/p>\n","protected":false},"excerpt":{"rendered":"Chambrelien: l\u2019agresseur au couteau \u00e9tait connu de la justice&nbsp;&nbsp;ArcInfoUne femme agress\u00e9e au couteau par son ex-compagnon \u00e0 Chambrelien&nbsp;&nbsp;rts.chChambrelien&hellip;\n","protected":false},"author":2,"featured_media":222158,"comment_status":"","ping_status":"","sticky":false,"template":"","format":"standard","meta":{"footnotes":"","_share_on_mastodon":"0"},"categories":[3],"tags":[199,1242,21655,23,733],"class_list":["post-222157","post","type-post","status-publish","format-standard","has-post-thumbnail","category-suisse","tag-ce-quil-sest-passe","tag-fait-divers","tag-rochefort","tag-suisse","tag-sujet-dinitiative"],"share_on_mastodon":{"url":"https:\/\/pubeurope.com\/@ch_fr\/116936001813417381","error":""},"_links":{"self":[{"href":"https:\/\/www.europesays.com\/ch-fr\/wp-json\/wp\/v2\/posts\/222157","targetHints":{"allow":["GET"]}}],"collection":[{"href":"https:\/\/www.europesays.com\/ch-fr\/wp-json\/wp\/v2\/posts"}],"about":[{"href":"https:\/\/www.europesays.com\/ch-fr\/wp-json\/wp\/v2\/types\/post"}],"author":[{"embeddable":true,"href":"https:\/\/www.europesays.com\/ch-fr\/wp-json\/wp\/v2\/users\/2"}],"replies":[{"embeddable":true,"href":"https:\/\/www.europesays.com\/ch-fr\/wp-json\/wp\/v2\/comments?post=222157"}],"version-history":[{"count":0,"href":"https:\/\/www.europesays.com\/ch-fr\/wp-json\/wp\/v2\/posts\/222157\/revisions"}],"wp:featuredmedia":[{"embeddable":true,"href":"https:\/\/www.europesays.com\/ch-fr\/wp-json\/wp\/v2\/media\/222158"}],"wp:attachment":[{"href":"https:\/\/www.europesays.com\/ch-fr\/wp-json\/wp\/v2\/media?parent=222157"}],"wp:term":[{"taxonomy":"category","embeddable":true,"href":"https:\/\/www.europesays.com\/ch-fr\/wp-json\/wp\/v2\/categories?post=222157"},{"taxonomy":"post_tag","embeddable":true,"href":"https:\/\/www.europesays.com\/ch-fr\/wp-json\/wp\/v2\/tags?post=222157"}],"curies":[{"name":"wp","href":"https:\/\/api.w.org\/{rel}","templated":true}]}}