{"id":222847,"date":"2026-07-18T07:07:20","date_gmt":"2026-07-18T07:07:20","guid":{"rendered":"https:\/\/www.europesays.com\/ch-fr\/222847\/"},"modified":"2026-07-18T07:07:20","modified_gmt":"2026-07-18T07:07:20","slug":"la-paix-durable-passe-par-les-femmes-mais-leur-expertise-est-souvent-ignoree","status":"publish","type":"post","link":"https:\/\/www.europesays.com\/ch-fr\/222847\/","title":{"rendered":"La paix durable passe par les femmes, mais leur expertise est souvent ignor\u00e9e"},"content":{"rendered":"<p>    <img src=\"https:\/\/www.europesays.com\/ch-fr\/wp-content\/uploads\/2026\/07\/718844930_highres.jpg\" width=\"1300\" height=\"867\" alt=\"Photo de groupe, sommet de l'OTAN \u00e0 Ankara.\" loading=\"eager\" decoding=\"sync\" fetchpriority=\"high\"\/><\/p>\n<p>                Sur la photo de groupe du sommet de l\u2019OTAN qui s\u2019est tenu les 7 et 8 juillet \u00e0 Ankara, en Turquie, on ne d\u00e9nombrait que quatre femmes autour de 29 hommes.             <\/p>\n<p>            Copyright 2026 The Associated Press. All Rights Reserved        <\/p>\n<p>        Vingt-cinq ans apr\u00e8s une r\u00e9solution de l\u2019ONU, les femmes demeurent largement \u00e9cart\u00e9es des tables de n\u00e9gociation pour la paix. Pourtant, des \u00e9tudes montrent que leur participation rend les accords plus durables. La directrice d\u2019ONU Femmes tire la sonnette d\u2019alarme.\n<\/p>\n<p>        Ce contenu a \u00e9t\u00e9 publi\u00e9 sur    <\/p>\n<p>        18 juillet 2026 &#8211; 08:00\n<\/p>\n<p>\n        Sujet radio: Isabelle Cornaz. Texte web: Didier Kottelat, RTS    <\/p>\n<p>Sur la photo de groupe du sommet de l\u2019OTAN qui s\u2019est tenu les 7 et 8 juillet \u00e0 Ankara, en Turquie, on ne d\u00e9nombrait que quatre femmes autour de 29 hommes. Ce d\u00e9s\u00e9quilibre illustre une r\u00e9alit\u00e9 plus large: ce sont les hommes qui d\u00e9clenchent les guerres et ce sont aussi eux qui n\u00e9gocient la paix.<\/p>\n<p>Pourtant, les recherches men\u00e9es ces vingt derni\u00e8res ann\u00e9es montrent que plus les femmes participent aux processus de paix, plus les accords tiennent dans la dur\u00e9e. Malgr\u00e9 ces donn\u00e9es, elles restent cruellement absentes des n\u00e9gociations formelles.<\/p>\n<p>\u00abAu Soudan, aucune femme soudanaise n\u2019a particip\u00e9 aux n\u00e9gociations de paix\u00bb, a d\u00e9plor\u00e9 Sima Bahous, directrice d\u2019ONU Femmes, lors d\u2019un r\u00e9cent d\u00e9bat aux Nations unies. Et la Libanaise de dresser le m\u00eame constat en Ukraine, au Liban, en Palestine, en R\u00e9publique d\u00e9mocratique du Congo et ailleurs.<\/p>\n<p>Une r\u00e9solution rest\u00e9e lettre morte<\/p>\n<p>Il y a plus de 25 ans, l\u2019ONU reconnaissait pourtant formellement le r\u00f4le des femmes dans la promotion de la paix. La\u00a0<a href=\"https:\/\/www.un.org\/womenwatch\/ods\/S-RES-1325%282000%29-F.pdf\" target=\"_blank\" rel=\"noreferrer noopener nofollow\">r\u00e9solution 1325Lien externe<\/a>, adopt\u00e9e le 31 octobre 2000, demandait aux \u00c9tats membres de \u00abfaire en sorte que les femmes soient davantage repr\u00e9sent\u00e9es \u00e0 tous les niveaux (\u2026) dans les institutions et m\u00e9canismes (\u2026) pour la pr\u00e9vention, la gestion et le r\u00e8glement des diff\u00e9rends\u00bb.<\/p>\n<p>L\u2019objectif n\u2019\u00e9tait pas seulement une question d\u2019\u00e9galit\u00e9, mais aussi d\u2019une constatation de terrain: en raison de la place qu\u2019elles occupent dans la soci\u00e9t\u00e9, les femmes sont en premi\u00e8re ligne pour construire une paix concr\u00e8te et solide. Elles sont aussi, avec les enfants, les premi\u00e8res victimes civiles des conflits arm\u00e9s, subissant davantage de risques de d\u00e9placement, de violences sexuelles, de pauvret\u00e9 et de perte d\u2019acc\u00e8s aux soins.<\/p>\n<p>\n    Plus<\/p>\n<p>    <img src=\"https:\/\/www.europesays.com\/ch-fr\/wp-content\/uploads\/2026\/07\/e47ca1fa7673cf42a465065f37ead697-microsoftteams-image-data.png\" width=\"283\" height=\"283\" alt=\"\" loading=\"lazy\" decoding=\"async\" fetchpriority=\"auto\"\/><\/p>\n<p>    <img src=\"https:\/\/www.europesays.com\/ch-fr\/wp-content\/uploads\/2026\/07\/4e78d05685139189cb70b4e7f4774e01-img_0310-data.jpg\" width=\"2560\" height=\"1706\" alt=\"Une soldate se tient debout devant un v\u00e9hicule militaire\" loading=\"lazy\" decoding=\"async\" fetchpriority=\"auto\"\/><\/p>\n<p>        Plus    <\/p>\n<p>        Affaires \u00e9trang\u00e8res\n        <\/p>\n<p>        SWISSCOY: Davantage de soldates suisses au service de la paix    <\/p>\n<p class=\"teaser-wide-card__excerpt\">\n<p>                        Ce contenu a \u00e9t\u00e9 publi\u00e9 sur                    <\/p>\n<p>                        08 nov. 2022                    <\/p>\n<p>                Le contingent de l\u2019arm\u00e9e suisse au Kosovo d\u00e9montre l\u2019importance de l\u2019engagement des femmes dans les missions internationales de maintien de la paix.            <\/p>\n<p>    <a class=\"teaser-wide-card__link\" href=\"https:\/\/www.swissinfo.ch\/fre\/affaires-etrangeres\/swisscoy-davantage-de-soldates-suisses-au-service-de-la-paix\/48036456\" target=\"_self\" rel=\"nofollow noopener\"><\/p>\n<p>            lire plus SWISSCOY: Davantage de soldates suisses au service de la paix<br \/>\n    <\/a><\/p>\n<p>Un savoir pr\u00e9cieux ignor\u00e9<\/p>\n<p>Comme d\u2019autres pays,\u00a0<a href=\"https:\/\/www.eda.admin.ch\/fr\/femmes-paix-et-securite\" target=\"_blank\" rel=\"noreferrer noopener nofollow\">la Suisse promeut cette r\u00e9solution de l\u2019ONULien externe<\/a>\u00a0pour une participation plus active des femmes dans les processus de paix.<\/p>\n<p>Sibylle Obrist, cheffe adjointe de la division Paix et droits de l\u2019homme du DFAE, souligne leur expertise sp\u00e9cifique. \u00abDans la plupart des soci\u00e9t\u00e9s, ce sont les femmes qui organisent la vie quotidienne, explique-t-elle. Elles s\u2019occupent du r\u00e9seau social, du soin, des a\u00een\u00e9s, des enfants.\u00bb Elles d\u00e9tiennent ainsi des informations cruciales sur les besoins r\u00e9els de la population, ajoute-t-elle.<\/p>\n<p>Lors de pourparlers pour un cessez-le-feu au Soudan, qui s\u2019\u00e9taient d\u00e9roul\u00e9s en Suisse en 2024, un groupe de femmes avait par exemple identifi\u00e9 un probl\u00e8me auquel personne n\u2019avait pens\u00e9 plus t\u00f4t: l\u2019acc\u00e8s aux infrastructures de t\u00e9l\u00e9communications. En effet, les points de t\u00e9l\u00e9communications \u00e9taient souvent occup\u00e9s par des groupes arm\u00e9s qui exigeaient des faveurs sexuelles ou de l\u2019argent en \u00e9change de l\u2019acc\u00e8s.<\/p>\n<p>Cette question n\u2019a finalement pas pu figurer dans un accord, faute d\u2019aboutissement des n\u00e9gociations. Mais la Suisse l\u2019a int\u00e9gr\u00e9e dans son plaidoyer diplomatique.<\/p>\n<p>Le recul du multilat\u00e9ralisme en cause<\/p>\n<p>Pourquoi la situation ne s\u2019am\u00e9liore-t-elle pas 25 ans apr\u00e8s la r\u00e9solution de l\u2019ONU? Les n\u00e9gociations deviennent de plus en plus opaques et transactionnelles. Et elles se tiennent d\u00e9sormais souvent en dehors de l\u2019espace multilat\u00e9ral propos\u00e9 par l\u2019ONU. Or, ce sont les Nations unies qui avaient fait des efforts pour int\u00e9grer les femmes.<\/p>\n<p>Entre 2019 et 2024, l\u2019ONU est parvenue \u00e0 un taux de participation f\u00e9minine entre 16% et 23%, \u00abun chiffre insuffisant, mais qui repr\u00e9sente tout de m\u00eame le double de la moyenne mondiale\u00bb, affirme Sima Bahous, d\u2019ONU Femmes. Ces progr\u00e8s sont cependant menac\u00e9s par la marginalisation progressive du r\u00f4le des Nations unies, qui \u00abn\u2019ont pilot\u00e9 que trois processus de paix l\u2019ann\u00e9e derni\u00e8re, contre 14 il y a 15 ans\u00bb, note-t-elle.<\/p>\n<p>\n    Plus<\/p>\n<p>    <img src=\"https:\/\/www.europesays.com\/ch-fr\/wp-content\/uploads\/2026\/07\/9a9f073db0a1525339cfcd75a4babd3e-287989215_highres-data.jpg\" width=\"1300\" height=\"867\" alt=\"Demonstrierende\" loading=\"lazy\" decoding=\"async\" fetchpriority=\"auto\"\/><\/p>\n<p>        Plus    <\/p>\n<p>        Affaires \u00e9trang\u00e8res\n        <\/p>\n<p>        Une politique \u00e9trang\u00e8re f\u00e9ministe est-elle n\u00e9cessaire?    <\/p>\n<p class=\"teaser-wide-card__excerpt\">\n<p>                        Ce contenu a \u00e9t\u00e9 publi\u00e9 sur                    <\/p>\n<p>                        17 sept. 2020                    <\/p>\n<p>                La paix dure plus longtemps lorsque des femmes sont impliqu\u00e9es. Or l\u2019inclusion des femmes dans la diplomatie peine \u00e0 se concr\u00e9tiser.            <\/p>\n<p>    <a class=\"teaser-wide-card__link\" href=\"https:\/\/www.swissinfo.ch\/fre\/politique\/une-politique-%c3%a9trang%c3%a8re-f%c3%a9ministe-est-elle-n%c3%a9cessaire\/46004564\" target=\"_self\" rel=\"nofollow noopener\"><\/p>\n<p>            lire plus Une politique \u00e9trang\u00e8re f\u00e9ministe est-elle n\u00e9cessaire?<br \/>\n    <\/a><\/p>\n<p>Un travail invisible mais essentiel<\/p>\n<p>Les femmes sont tr\u00e8s actives dans la construction de la paix, mais elles restent invisibles lors des phases formelles et m\u00e9diatis\u00e9es. \u00abL\u2019essentiel du travail de paix se passe ailleurs\u00bb, indique Liv Halp\u00e9rin, conseill\u00e8re en chef de l\u2019ONG PeaceWomen Across the Globe.<\/p>\n<p>Avant les n\u00e9gociations, les femmes identifient et pr\u00e9viennent la violence ou n\u00e9gocient les acc\u00e8s humanitaires. Pendant les pourparlers, elles participent \u00e0 des tables parall\u00e8les, proposent des visions alternatives de paix. Apr\u00e8s un accord, elles travaillent durant des d\u00e9cennies: justice transitionnelle, r\u00e9int\u00e9gration des combattants, reconstruction du tissu social. \u00abCe travail reste moins visible et beaucoup moins soutenu financi\u00e8rement\u00bb, rel\u00e8ve-t-elle.<\/p>\n<p>Un financement d\u00e9risoire<\/p>\n<p>Dans le contexte actuel de militarisation, moins de 0,5% de l\u2019aide au d\u00e9veloppement internationale va aux organisations de femmes dans les pays en conflit. \u00abIl y a un sous-financement du travail de paix de mani\u00e8re g\u00e9n\u00e9rale\u00bb, d\u00e9plore Liv Halp\u00e9rin. De plus, le recul des droits des femmes ainsi que l\u2019arriv\u00e9e au pouvoir de leaders populistes ou d\u2019extr\u00eame droite cr\u00e9ent un climat moins propice aux processus participatifs, estime-t-elle.<\/p>\n<p>\u00abOn sent que tout doit \u00eatre r\u00e9solu tr\u00e8s rapidement\u00bb, analyse Jo\u00eblle Germanier, directrice du Centre de comp\u00e9tence en n\u00e9gociation humanitaire (CCHN). Moins d\u2019attention est donn\u00e9e aux d\u00e9tails et \u00e0 la mise en \u0153uvre. \u00abSi les processus ne sont pas participatifs, il y a peu de chances que les r\u00e9sultats soient positifs\u00bb, rappelle-t-elle.<\/p>\n<p>Le travail de ces faiseuses de paix sur le terrain est de plus en plus risqu\u00e9, note Liv Halp\u00e9rin. Mais paradoxalement, il est plus n\u00e9cessaire que jamais.<\/p>\n<p>        Articles mentionn\u00e9s    <\/p>\n","protected":false},"excerpt":{"rendered":"Sur la photo de groupe du sommet de l\u2019OTAN qui s\u2019est tenu les 7 et 8 juillet \u00e0&hellip;\n","protected":false},"author":2,"featured_media":222848,"comment_status":"","ping_status":"","sticky":false,"template":"","format":"standard","meta":{"footnotes":"","_share_on_mastodon":"0"},"categories":[5],"tags":[657,906,1634,4190,4187,4188,40,23081,1314,3941,1315,41,42],"class_list":["post-222847","post","type-post","status-publish","format-standard","has-post-thumbnail","category-international","tag-article","tag-beat-best-of-srg-content","tag-beat-foreign-affairs","tag-beat-international-geneva","tag-conflict","tag-foreign-affairs","tag-international","tag-kpi-srg-curation-geopolitics","tag-politics","tag-production-type-curation","tag-society","tag-world","tag-world-news"],"share_on_mastodon":{"url":"https:\/\/pubeurope.com\/@ch_fr\/116939722018692047","error":""},"_links":{"self":[{"href":"https:\/\/www.europesays.com\/ch-fr\/wp-json\/wp\/v2\/posts\/222847","targetHints":{"allow":["GET"]}}],"collection":[{"href":"https:\/\/www.europesays.com\/ch-fr\/wp-json\/wp\/v2\/posts"}],"about":[{"href":"https:\/\/www.europesays.com\/ch-fr\/wp-json\/wp\/v2\/types\/post"}],"author":[{"embeddable":true,"href":"https:\/\/www.europesays.com\/ch-fr\/wp-json\/wp\/v2\/users\/2"}],"replies":[{"embeddable":true,"href":"https:\/\/www.europesays.com\/ch-fr\/wp-json\/wp\/v2\/comments?post=222847"}],"version-history":[{"count":0,"href":"https:\/\/www.europesays.com\/ch-fr\/wp-json\/wp\/v2\/posts\/222847\/revisions"}],"wp:featuredmedia":[{"embeddable":true,"href":"https:\/\/www.europesays.com\/ch-fr\/wp-json\/wp\/v2\/media\/222848"}],"wp:attachment":[{"href":"https:\/\/www.europesays.com\/ch-fr\/wp-json\/wp\/v2\/media?parent=222847"}],"wp:term":[{"taxonomy":"category","embeddable":true,"href":"https:\/\/www.europesays.com\/ch-fr\/wp-json\/wp\/v2\/categories?post=222847"},{"taxonomy":"post_tag","embeddable":true,"href":"https:\/\/www.europesays.com\/ch-fr\/wp-json\/wp\/v2\/tags?post=222847"}],"curies":[{"name":"wp","href":"https:\/\/api.w.org\/{rel}","templated":true}]}}