{"id":224059,"date":"2026-07-19T09:13:11","date_gmt":"2026-07-19T09:13:11","guid":{"rendered":"https:\/\/www.europesays.com\/ch-fr\/224059\/"},"modified":"2026-07-19T09:13:11","modified_gmt":"2026-07-19T09:13:11","slug":"andrew-tate-et-son-frere-arretes-a-miami-pour-viols-presumes","status":"publish","type":"post","link":"https:\/\/www.europesays.com\/ch-fr\/224059\/","title":{"rendered":"Andrew Tate et son fr\u00e8re arr\u00eat\u00e9s \u00e0 Miami pour viols pr\u00e9sum\u00e9s"},"content":{"rendered":"<p>L&rsquo;influenceur masculiniste am\u00e9ricano-britannique Andrew Tate et son fr\u00e8re Tristan ont \u00e9t\u00e9 arr\u00eat\u00e9s samedi \u00e0 Miami, aux Etats-Unis, \u00e0 la demande du Royaume-Uni qui r\u00e9clame leur extradition pour viols pr\u00e9sum\u00e9s.<\/p>\n<p>Sollicit\u00e9s par l&rsquo;AFP, les US Marshals, un service de police f\u00e9d\u00e9ral am\u00e9ricain charg\u00e9 de traquer les fugitifs et d&rsquo;ex\u00e9cuter les d\u00e9cisions de justice, ont confirm\u00e9 une information du m\u00e9dia TMZ, qui a publi\u00e9 une vid\u00e9o de l&rsquo;arrestation. Ils se sont refus\u00e9s \u00e0 en d\u00e9crire le motif, le mandat d&rsquo;arr\u00eat \u00e9tant scell\u00e9.<\/p>\n<p>Contenu externe<\/p>\n<p> Ce contenu externe ne peut pas \u00eatre affich\u00e9 car il est susceptible de collecter des donn\u00e9es personnelles. Pour voir ce contenu vous devez autoriser la cat\u00e9gorie Services Tiers. <\/p>\n<p> Accepter Plus d&rsquo;info <\/p>\n<p>Le parquet britannique a toutefois annonc\u00e9 dans le m\u00eame temps, dans un communiqu\u00e9, que l&rsquo;arrestation des deux fr\u00e8res avait eu lieu \u00e0 la demande du Royaume-Uni, qui les r\u00e9clame pour un total de 59 chefs d&rsquo;accusation (42 pour Andrew et 17 pour Tristan) dont des viols, des agressions et autres infractions \u00e0 caract\u00e8re sexuel et p\u00e9docriminel.<\/p>\n<p>&gt;&gt; Lire aussi\u00a0: <a href=\"https:\/\/www.rts.ch\/info\/societe\/2026\/article\/influenceurs-masculinistes-5-strategies-pour-proteger-les-jeunes-hommes-29132282.html\" data-item-id=\"richtext_link\" rel=\"nofollow noopener\" target=\"_blank\">Cinq strat\u00e9gies pour contrer l&rsquo;influence des gourous masculinistes sur les jeunes<\/a><\/p>\n<p>Andrew Tate, 39 ans, et son fr\u00e8re Tristan, 38 ans, sont recherch\u00e9s au Royaume-Uni pour \u00ab\u00a0viols, complicit\u00e9 d&rsquo;exploitation sexuelle et infractions li\u00e9es \u00e0 des images ind\u00e9centes d&rsquo;un enfant\u00a0\u00bb, a \u00e9crit dans ce communiqu\u00e9 un responsable du parquet, Malcolm McHaffie, ajoutant qu&rsquo;il existe \u00e0 ce jour sept victimes pr\u00e9sum\u00e9es.<\/p>\n<p>Misogynie et voitures de luxe<\/p>\n<p>L&rsquo;avocat des fr\u00e8res Tate, Joseph McBride, a affirm\u00e9 dans un communiqu\u00e9 que ses clients \u00ab\u00a0sont innocents\u00a0\u00bb, a qualifi\u00e9 leur attestation de \u00ab\u00a0coup politique\u00a0\u00bb, et s&rsquo;est dit convaincu qu&rsquo;ils seraient remis en libert\u00e9 prochainement.<\/p>\n<p>Andrew Tate, qui compte 10,8 millions d&rsquo;abonn\u00e9s sur X, est un ancien combattant professionnel de kickboxing qui a connu une c\u00e9l\u00e9brit\u00e9 fulgurante sur les r\u00e9seaux sociaux \u00e0 partir de 2016 avec des vid\u00e9os o\u00f9 il promeut des th\u00e8ses masculinistes, exhibe ses muscles, fume des cigares, fascine les adolescents avec ses voitures de luxe et monnaie ses conseils aux hommes pour les aider \u00e0 devenir riches.<\/p>\n<p>Ce partisan d\u00e9clar\u00e9 du pr\u00e9sident am\u00e9ricain Donald Trump, qui se fait appeler \u00ab\u00a0Top G\u00a0\u00bb ou \u00ab\u00a0Cobra\u00a0\u00bb sur internet, a \u00e9t\u00e9 banni d&rsquo;Instagram et de TikTok pour ses propos misogynes tr\u00e8s agressifs.<\/p>\n<p>Traite d&rsquo;\u00eatres humains<\/p>\n<p>Lui et son fr\u00e8re ont \u00e9t\u00e9 incarc\u00e9r\u00e9s pendant quelques mois en Roumanie, o\u00f9 ils ont v\u00e9cu plusieurs ann\u00e9es, sous l&rsquo;accusation d&rsquo;avoir dup\u00e9 plusieurs femmes \u00e0 des fins d&rsquo;exploitation sexuelle, y compris des mineures, avant d&rsquo;\u00eatre autoris\u00e9s \u00e0 quitter le pays, ce qu&rsquo;ils ont fait en f\u00e9vrier 2025.<\/p>\n<p>Plus t\u00f4t cette ann\u00e9e, la police du Hertfordshire, au nord de Londres, avait annonc\u00e9 qu&rsquo;elle rouvrait une enqu\u00eate sur des accusations de viol et d&rsquo;agression sexuelle formul\u00e9es par des femmes contre Andrew Tate entre 2014 et 2015.<\/p>\n<p>Les fr\u00e8res Tate font \u00e9galement l&rsquo;objet d&rsquo;autres accusations de viol et de traite d&rsquo;\u00eatres humains, \u00e9manant de diff\u00e9rentes femmes, sur lesquelles enqu\u00eate la police du Bedfordshire, qui couvre leur ville natale de Luton, \u00e9galement au nord de Londres. Ils sont aussi accus\u00e9s d&rsquo;\u00e9vasion fiscale et de blanchiment d&rsquo;argent au Royaume-Uni.<\/p>\n<p>Andrew et Tristan Tate ont rejet\u00e9 toutes ces accusations<\/p>\n<p class=\"sources\">ats\/asch<\/p>\n","protected":false},"excerpt":{"rendered":"L&rsquo;influenceur masculiniste am\u00e9ricano-britannique Andrew Tate et son fr\u00e8re Tristan ont \u00e9t\u00e9 arr\u00eat\u00e9s samedi \u00e0 Miami, aux Etats-Unis, \u00e0&hellip;\n","protected":false},"author":2,"featured_media":224060,"comment_status":"","ping_status":"","sticky":false,"template":"","format":"standard","meta":{"footnotes":"","_share_on_mastodon":"0"},"categories":[8],"tags":[27591,502,1457,40066,5102,503,504,222,50118,711,2481,9205,421,306,238,75,23,50119],"class_list":["post-224059","post","type-post","status-publish","format-standard","has-post-thumbnail","category-sports","tag-accusation-q1252773839","tag-agression","tag-agression-sexuelle","tag-andrew-tate","tag-arrestation","tag-criminalite","tag-droit-et-justice","tag-etats-unis","tag-extradition","tag-forces-de-lordre","tag-grande-bretagne","tag-miami","tag-monde","tag-police","tag-societe","tag-sports","tag-suisse","tag-tristan-tate"],"share_on_mastodon":{"url":"https:\/\/pubeurope.com\/@ch_fr\/116945879771896713","error":""},"_links":{"self":[{"href":"https:\/\/www.europesays.com\/ch-fr\/wp-json\/wp\/v2\/posts\/224059","targetHints":{"allow":["GET"]}}],"collection":[{"href":"https:\/\/www.europesays.com\/ch-fr\/wp-json\/wp\/v2\/posts"}],"about":[{"href":"https:\/\/www.europesays.com\/ch-fr\/wp-json\/wp\/v2\/types\/post"}],"author":[{"embeddable":true,"href":"https:\/\/www.europesays.com\/ch-fr\/wp-json\/wp\/v2\/users\/2"}],"replies":[{"embeddable":true,"href":"https:\/\/www.europesays.com\/ch-fr\/wp-json\/wp\/v2\/comments?post=224059"}],"version-history":[{"count":0,"href":"https:\/\/www.europesays.com\/ch-fr\/wp-json\/wp\/v2\/posts\/224059\/revisions"}],"wp:featuredmedia":[{"embeddable":true,"href":"https:\/\/www.europesays.com\/ch-fr\/wp-json\/wp\/v2\/media\/224060"}],"wp:attachment":[{"href":"https:\/\/www.europesays.com\/ch-fr\/wp-json\/wp\/v2\/media?parent=224059"}],"wp:term":[{"taxonomy":"category","embeddable":true,"href":"https:\/\/www.europesays.com\/ch-fr\/wp-json\/wp\/v2\/categories?post=224059"},{"taxonomy":"post_tag","embeddable":true,"href":"https:\/\/www.europesays.com\/ch-fr\/wp-json\/wp\/v2\/tags?post=224059"}],"curies":[{"name":"wp","href":"https:\/\/api.w.org\/{rel}","templated":true}]}}