{"id":224253,"date":"2026-07-19T12:11:24","date_gmt":"2026-07-19T12:11:24","guid":{"rendered":"https:\/\/www.europesays.com\/ch-fr\/224253\/"},"modified":"2026-07-19T12:11:24","modified_gmt":"2026-07-19T12:11:24","slug":"plus-belle-la-vie-en-avance-resume-de-lepisode-630-du-lundi-20-juillet","status":"publish","type":"post","link":"https:\/\/www.europesays.com\/ch-fr\/224253\/","title":{"rendered":"Plus belle la vie en avance : r\u00e9sum\u00e9 de l&rsquo;\u00e9pisode 630 du lundi 20 juillet"},"content":{"rendered":"<p>Une atmosph\u00e8re \u00e9trange s\u2019installe peu \u00e0 peu \u00e0 Marseille. Dans<br \/>\nl\u2019\u00e9pisode de Plus belle la vie diffus\u00e9 le 20 juillet 2026 sur TF1,<br \/>\nplusieurs intrigues se croisent et plongent les personnages dans<br \/>\ndes situations aussi troublantes qu\u2019impr\u00e9visibles.<\/p>\n<p>Thomas, encore marqu\u00e9 par son \u00e9lectrocution r\u00e9cente, commence \u00e0<br \/>\npercevoir des ph\u00e9nom\u00e8nes inqui\u00e9tants dans la villa. Au m\u00eame moment,<br \/>\n<a href=\"https:\/\/www.melty.fr\/series\/plus-belle-la-vie-en-avance-resume-de-lepisode-629-du-vendredi-17-juillet-2332192.html\" rel=\"nofollow noopener\" target=\"_blank\"><br \/>\nOph\u00e9lie r\u00e9v\u00e8le un secret qui pourrait bouleverser l\u2019\u00e9quilibre de sa<br \/>\nfamille<\/a>, tandis que Jennifer tente de transformer un \u00e9v\u00e9nement<br \/>\ncontrovers\u00e9 en projet solidaire.<\/p>\n<p>Thomas face \u00e0 des ph\u00e9nom\u00e8nes inqui\u00e9tants dans la villa<\/p>\n<p>Depuis son accident, Thomas peine \u00e0 retrouver un semblant de<br \/>\ns\u00e9r\u00e9nit\u00e9. De retour \u00e0 la villa des Kepler, il commence \u00e0 entendre<br \/>\ndes bruits \u00e9tranges, comme si quelqu\u2019un se trouvait derri\u00e8re les<br \/>\nmurs. Une situation qui le pousse \u00e0 douter de ce qu\u2019il per\u00e7oit.<br \/>\nTr\u00e8s vite, l\u2019angoisse monte. Alors qu\u2019il est seul dans la maison,<br \/>\nil croit entendre des grattements persistants. Troubl\u00e9, il finit<br \/>\npar confier : \u00ab\u00a0C&rsquo;est comme si quelqu&rsquo;un grattait derri\u00e8re le<br \/>\nmur\u00a0\u00bb<\/p>\n<p><a href=\"https:\/\/www.melty.fr\/series\/plus-belle-la-vie-en-avance-resume-de-lepisode-628-du-jeudi-16-juillet-2332004.html\" rel=\"nofollow noopener\" target=\"_blank\"><br \/>\nLes \u00e9v\u00e9nements se multiplient<\/a>. Apr\u00e8s une sieste au bord de la<br \/>\npiscine, Thomas d\u00e9couvre des traces de pas mouill\u00e9s. Une pr\u00e9sence<br \/>\nsemble s\u2019\u00eatre invit\u00e9e chez lui en son absence. Convaincu qu\u2019il ne<br \/>\ns\u2019agit pas de Gabriel, il commence \u00e0 paniquer. Face \u00e0 cette<br \/>\nsituation, Gabriel envisage une solution m\u00e9dicale. Il souhaite<br \/>\ns\u2019assurer que l\u2019\u00e9lectrocution n\u2019a laiss\u00e9 aucune s\u00e9quelle et pr\u00e9voit<br \/>\nde lui faire passer des examens. Mais pour Thomas, le doute<br \/>\npersiste : s\u2019agit-il d\u2019un probl\u00e8me de sant\u00e9 ou d\u2019une pr\u00e9sence bien<br \/>\nr\u00e9elle ?<\/p>\n<p>Oph\u00e9lie et Ulysse, un secret qui peut tout faire basculer<\/p>\n<p>Pendant ce temps, une autre intrigue prend une tournure bien<br \/>\nplus sombre. Oph\u00e9lie d\u00e9cide de r\u00e9v\u00e9ler un secret lourd de<br \/>\ncons\u00e9quences \u00e0 son fr\u00e8re Ulysse. Elle lui avoue avoir enterr\u00e9 le<br \/>\ncorps d\u2019Hugo dans le jardin de la maison familiale. Cette<br \/>\nr\u00e9v\u00e9lation change tout. Oph\u00e9lie utilise cette information pour<br \/>\nmaintenir son emprise sur Ulysse et l\u2019emp\u00eacher de prendre certaines<br \/>\nd\u00e9cisions. Elle lui lance sans d\u00e9tour : \u00ab\u00a0Si on retrouve ce qui<br \/>\nreste, \u00e7a suffirait \u00e0 nous mettre dans la m*rde\u00a0\u00bb<\/p>\n<p>Pris au pi\u00e8ge, Ulysse tente de se d\u00e9fendre. Il refuse d\u2019endosser<br \/>\nune responsabilit\u00e9 qu\u2019il estime ne pas \u00eatre la sienne. Mais le<br \/>\npoids du secret devient difficile \u00e0 porter, d\u2019autant qu\u2019il regrette<br \/>\nde ne pas avoir d\u00e9nonc\u00e9 sa s\u0153ur plus t\u00f4t. Cette situation cr\u00e9e une<br \/>\ntension extr\u00eame entre les deux personnages. Le moindre faux pas<br \/>\npourrait d\u00e9sormais avoir des cons\u00e9quences irr\u00e9versibles.<\/p>\n<p>Jennifer bouleverse le concours du Mistral<\/p>\n<p>Dans un registre diff\u00e9rent, Jennifer apporte un vent de<br \/>\nchangement au Mistral. Oppos\u00e9e au concours de beaut\u00e9 organis\u00e9 dans<br \/>\nle quartier, elle critique ouvertement le principe qu\u2019elle juge<br \/>\nd\u00e9pass\u00e9. Face \u00e0 Djawad, elle exprime clairement son point de vue et<br \/>\nd\u00e9nonce le caract\u00e8re injuste du concours : \u00ab\u00a0C&rsquo;est<br \/>\ndiscriminatoire\u00a0\u00bb<\/p>\n<p>Refusant de rester dans la critique, elle propose une<br \/>\nalternative. L\u2019id\u00e9e est simple : transformer l\u2019\u00e9v\u00e9nement en<br \/>\ninitiative solidaire. Chaque participant repr\u00e9senterait une<br \/>\nassociation, et les fonds r\u00e9colt\u00e9s seraient revers\u00e9s \u00e0 des causes.<br \/>\nCe projet s\u00e9duit une partie de l\u2019entourage, m\u00eame si certains<br \/>\nrestent sceptiques. Jennifer parvient ainsi \u00e0 redonner du sens \u00e0 un<br \/>\n\u00e9v\u00e9nement qui semblait contest\u00e9.<\/p>\n<p>Laura et Arthur, entre doutes et<br \/>\nengagement<\/p>\n<p>Enfin, l\u2019\u00e9pisode met \u00e9galement en lumi\u00e8re l\u2019\u00e9volution de la<br \/>\nrelation entre Laura et Arthur. Convaincue qu\u2019il l\u2019a abandonn\u00e9e<br \/>\napr\u00e8s son d\u00e9part en mer, Laura traverse une p\u00e9riode de doute. Mais<br \/>\ncontre toute attente, Arthur revient \u00e0 Marseille. Il explique qu\u2019il<br \/>\na choisi de rester, renon\u00e7ant \u00e0 ses projets initiaux pour<br \/>\nconstruire quelque chose de durable avec Laura.<\/p>\n<p>Ce retour apaise les tensions. Ensemble, ils envisagent leur<br \/>\navenir et d\u00e9cident de s\u2019engager dans une relation plus stable. Une<br \/>\n\u00e9volution qui contraste avec les autres intrigues, marqu\u00e9es par<br \/>\nl\u2019incertitude et les secrets.<\/p>\n","protected":false},"excerpt":{"rendered":"Une atmosph\u00e8re \u00e9trange s\u2019installe peu \u00e0 peu \u00e0 Marseille. Dans l\u2019\u00e9pisode de Plus belle la vie diffus\u00e9 le&hellip;\n","protected":false},"author":2,"featured_media":224254,"comment_status":"","ping_status":"","sticky":false,"template":"","format":"standard","meta":{"footnotes":"","_share_on_mastodon":"0"},"categories":[13],"tags":[113,112,1673,23,142,196],"class_list":["post-224253","post","type-post","status-publish","format-standard","has-post-thumbnail","category-television","tag-divertissement","tag-entertainment","tag-plus-belle-la-vie","tag-suisse","tag-television","tag-tf1"],"share_on_mastodon":{"url":"https:\/\/pubeurope.com\/@ch_fr\/116946579442782225","error":""},"_links":{"self":[{"href":"https:\/\/www.europesays.com\/ch-fr\/wp-json\/wp\/v2\/posts\/224253","targetHints":{"allow":["GET"]}}],"collection":[{"href":"https:\/\/www.europesays.com\/ch-fr\/wp-json\/wp\/v2\/posts"}],"about":[{"href":"https:\/\/www.europesays.com\/ch-fr\/wp-json\/wp\/v2\/types\/post"}],"author":[{"embeddable":true,"href":"https:\/\/www.europesays.com\/ch-fr\/wp-json\/wp\/v2\/users\/2"}],"replies":[{"embeddable":true,"href":"https:\/\/www.europesays.com\/ch-fr\/wp-json\/wp\/v2\/comments?post=224253"}],"version-history":[{"count":0,"href":"https:\/\/www.europesays.com\/ch-fr\/wp-json\/wp\/v2\/posts\/224253\/revisions"}],"wp:featuredmedia":[{"embeddable":true,"href":"https:\/\/www.europesays.com\/ch-fr\/wp-json\/wp\/v2\/media\/224254"}],"wp:attachment":[{"href":"https:\/\/www.europesays.com\/ch-fr\/wp-json\/wp\/v2\/media?parent=224253"}],"wp:term":[{"taxonomy":"category","embeddable":true,"href":"https:\/\/www.europesays.com\/ch-fr\/wp-json\/wp\/v2\/categories?post=224253"},{"taxonomy":"post_tag","embeddable":true,"href":"https:\/\/www.europesays.com\/ch-fr\/wp-json\/wp\/v2\/tags?post=224253"}],"curies":[{"name":"wp","href":"https:\/\/api.w.org\/{rel}","templated":true}]}}