{"id":224317,"date":"2026-07-19T13:33:23","date_gmt":"2026-07-19T13:33:23","guid":{"rendered":"https:\/\/www.europesays.com\/ch-fr\/224317\/"},"modified":"2026-07-19T13:33:23","modified_gmt":"2026-07-19T13:33:23","slug":"camping-car-les-cambrioleurs-utilisent-ils-vraiment-du-gaz-soporifique","status":"publish","type":"post","link":"https:\/\/www.europesays.com\/ch-fr\/224317\/","title":{"rendered":"Camping-car : les cambrioleurs utilisent-ils vraiment du gaz soporifique ?"},"content":{"rendered":"<p>Depuis des ann\u00e9es, des rumeurs circulent selon lesquelles des cambrioleurs de camping-car s&rsquo;assureraient du sommeil de leurs victimes en injectant du gaz soporifique dans l&rsquo;habitacle. Or, il n&rsquo;existe actuellement aucune preuve m\u00e9dico-l\u00e9gale qui attesterait d&rsquo;un tel proc\u00e9d\u00e9.<\/p>\n<p>Passer la nuit dans votre camping-car sur une aire de repos? \u00ab\u00a0C&rsquo;est bien trop dangereux. Des bandes de voleurs pourraient injecter du gaz anesth\u00e9siant \u00e0 l\u2019int\u00e9rieur de votre habitacle durant votre sommeil. Une fois tous les occupants de votre v\u00e9hicule profond\u00e9ment endormis, ils pourraient d\u00e9rober tous vos objets de valeur sans crainte de vous r\u00e9veiller.\u00a0\u00bb<\/p>\n<p>Depuis plusieurs ann\u00e9es, essentiellement sous la forme de t\u00e9moignages personnels de victimes, cette histoire persiste obstin\u00e9ment sur les forums, dans des posts et commentaires sur les r\u00e9seaux sociaux ou dans des articles de presse, par exemple dans <a href=\"https:\/\/www.20min.ch\/fr\/story\/endormis-puis-detrousses-dans-leur-camping-car-739887702878\" class=\"inline-link\" title=\"Endormis, puis d\u00e9trouss\u00e9s dans leur camping-car - 20 minutes\" data-item-id=\"richtext_link\" data-rts-ece-id=\"86f7f051-0cc3-35a4-b20b-f993a9b95fda\" target=\"_blank\" rel=\"noopener nofollow\">20 Minutes,<\/a> la<a href=\"https:\/\/www.tdg.ch\/des-valaisans-gazes-dans-leur-camping-car-992986737589\" class=\"inline-link\" data-item-id=\"richtext_link\" data-rts-ece-id=\"8eccce74-2a42-3973-be0f-dd1499aa8248\" target=\"_blank\" rel=\"noopener nofollow\"> Tribune de Gen\u00e8ve<\/a> ou <a href=\"https:\/\/www.lenouvelliste.ch\/valais\/gaze-dans-son-camping-car-546582\" class=\"inline-link\" data-item-id=\"richtext_link\" data-rts-ece-id=\"49ca36a5-fd6f-3bc0-a976-62aecc2b5c20\" target=\"_blank\" rel=\"noopener nofollow\">le Nouvelliste<\/a>.<\/p>\n<p>Mais, tout en reconnaissant l&rsquo;\u00e9preuve travers\u00e9e par les victimes de cambriolage, Rolf J\u00e4rmann, directeur g\u00e9n\u00e9ral de l&rsquo;association suisse \u00ab\u00a0Au pays du camping-car\u00a0\u00bb, r\u00e9fute ce qu&rsquo;il estime \u00eatre un conte pour voyageurs. L&rsquo;usage de gaz soporifique \u00ab\u00a0est un mythe qui circule parmi les propri\u00e9taires de camping-cars\u00a0\u00bb, d\u00e9fend-il. L&rsquo;association a d&rsquo;ailleurs<a href=\"https:\/\/womoland.ch\/aktuelles\/news\/details\/Gasueeberfall_im_Wohnmobil\/334\/news\" class=\"inline-link\" title=\"Gas\u00fcberfall im Wohnmobil\" data-item-id=\"richtext_link\" data-rts-ece-id=\"4c3e1398-329a-3f29-8b89-5f2bae19d240\" target=\"_blank\" rel=\"noopener nofollow\"> publi\u00e9 un article sur la question<\/a>.<\/p>\n<p>Aucune preuve m\u00e9dico-l\u00e9gale<\/p>\n<p>En l&rsquo;\u00e9tat des connaissances judiciaires et des donn\u00e9es m\u00e9dico-l\u00e9gales, les polices europ\u00e9ennes n&rsquo;ont jamais interpell\u00e9 personne utilisant du gaz soporifique pour infiltrer des camping-cars, ni saisi de tels gaz chez des cambrioleurs. Elles n&rsquo;ont \u00e9galement jamais trouv\u00e9 de traces de ces m\u00eames gaz dans les camping-cars cambriol\u00e9s ou lors des analyses sanguines de victimes.<\/p>\n<p>D&rsquo;un point de vue m\u00e9dical, cette m\u00e9thode serait d&rsquo;ailleurs extr\u00eamement improbable. En 2014, le Coll\u00e8ge royal des anesth\u00e9sistes, un organisme professionnel britannique, expliquait que \u00ab\u00a0m\u00eame les anesth\u00e9siques volatils modernes les plus puissants n\u00e9cessiteraient d&rsquo;\u00eatre achemin\u00e9s par camions-citernes de gaz vecteur \u00e0 l&rsquo;aide d&rsquo;un gros compresseur\u00a0\u00bb, le Coll\u00e8ge estimant \u00e0 l&rsquo;\u00e9poque qu&rsquo;il s&rsquo;agissait d&rsquo;un \u00ab\u00a0mythe\u00a0\u00bb (lire encadr\u00e9 3).<\/p>\n<p> <img decoding=\"async\" src=\"https:\/\/www.europesays.com\/ch-fr\/wp-content\/uploads\/2026\/07\/b8vf8b-29304947.image.jpeg\" alt=\"Parking pour camping-cars au col de Lautaret, en France, dans les Hautes-Alpes. [Only France via AFP - PHILIPPE ROYER]\" title=\"Parking pour camping-cars au col de Lautaret, en France, dans les Hautes-Alpes. [Only France via AFP - PHILIPPE ROYER]\" loading=\"lazy\"\/>  Parking pour camping-cars au col de Lautaret, en France, dans les Hautes-Alpes. [Only France via AFP &#8211; PHILIPPE ROYER] <\/p>\n<p>De surcroit, explique Rolf J\u00e4rmann, \u00ab\u00a0il est tout simplement impossible d&rsquo;anesth\u00e9sier profond\u00e9ment toutes les personnes et les chiens pr\u00e9sents dans le camping-car sans risquer simultan\u00e9ment la mort de quelqu&rsquo;un\u00a0\u00bb. Une position \u00e9galement d\u00e9fendue par le site <a href=\"https:\/\/drogues-info-service.fr\/Vos-Questions-Nos-Reponses\/Gaz-soporifique\" class=\"inline-link\" title=\"Gaz soporifique  - Drogues Info Service\" data-item-id=\"richtext_link\" data-rts-ece-id=\"9f3000c5-f016-3587-8dc0-1f266e445923\" target=\"_blank\" rel=\"noopener nofollow\">Drogues-info-services.fr<\/a> en 2015.<\/p>\n<p>\u00ab\u00a0Il n&rsquo;existe pas de gaz soporifique que l&rsquo;on introduit dans l&rsquo;atmosph\u00e8re qui endorme les occupants d&rsquo;un appartement ou d&rsquo;un v\u00e9hicule\u00a0\u00bb, expliquait un expert du site, r\u00e9pondant \u00e0 la question d&rsquo;un usager. \u00ab\u00a0Les gaz qui pourraient neutraliser sont des gaz de combat qui vont entrainer une fois sur deux (ou plus) la mort des occupants. Ces gaz ne sont pas faciles \u00e0 se procurer. En r\u00e9sum\u00e9 cette histoire nous semble relever de l\u00e9gendes urbaines\u00a0\u00bb.<\/p>\n<p>Mode op\u00e9ratoire pas si ing\u00e9nieux<\/p>\n<p>Les experts m\u00e9dicaux et anesth\u00e9sistes contact\u00e9s par SRF estiment, eux-aussi, que de tels actes sont tr\u00e8s improbables en 2026, notamment parce qu&rsquo;il n&rsquo;existe pas de gaz soporifique \u00e0 diffusion a\u00e9rienne facilement disponible et peu co\u00fbteux qui conviendrait \u00e0 cet usage.<\/p>\n<p>M\u00eame les voleurs ne prennent g\u00e9n\u00e9ralement pas un tel risque, car \u00eatre recherch\u00e9 pour un assassinat implique un tout autre dispositif policier qu&rsquo;\u00eatre recherch\u00e9 pour un cambriolage. L&rsquo;usage d&rsquo;un tel gaz demande aussi un appareillage peu discret et qui ralentit l&rsquo;op\u00e9ration. Sans parler du fait de s&rsquo;en procurer, qui implique de s&rsquo;exposer \u00e0 la suspicion des autorit\u00e9s polici\u00e8res.<\/p>\n<p>Il n&rsquo;est d&rsquo;ailleurs pas n\u00e9cessaire d&rsquo;user de ce type de gaz. S&rsquo;introduire dans un camping-car pendant que les propri\u00e9taires dorment, sans drogue, est relativement facile et extr\u00eamement courant. L&rsquo;\u00e9crasante majorit\u00e9 des vols dans les camping-cars ont lieu sans recours \u00e0 la soumission chimique.<\/p>\n<p>Pas de nouveau cas connu <img decoding=\"async\" src=\"https:\/\/www.europesays.com\/ch-fr\/wp-content\/uploads\/2026\/07\/6lhctj-29304946.image.jpeg\" alt=\"Camping-car dans une vall\u00e9e, en Haute-Savoie, en France, face au Mont-Blanc. [Only France via AFP - PHILIPPE ROYER]\" title=\"Camping-car dans une vall\u00e9e, en Haute-Savoie, en France, face au Mont-Blanc. [Only France via AFP - PHILIPPE ROYER]\" loading=\"lazy\"\/>  Camping-car dans une vall\u00e9e, en Haute-Savoie, en France, face au Mont-Blanc. [Only France via AFP &#8211; PHILIPPE ROYER] <\/p>\n<p>Le m\u00e9dia public al\u00e9manique SRF a demand\u00e9 des renseignements aupr\u00e8s des forces de police cantonales ainsi que des associations de transport et de camping. En Suisse, personne n&rsquo;a entendu parler de tels cas qui se seraient produits sur le territoire.<\/p>\n<p>Les articles de la Tribune de Gen\u00e8ve, du 20 Minutes et du Nouvelliste relatent deux cas de cambriolage de camping-cars suisses avec usage pr\u00e9sum\u00e9 de gaz soporifique advenus en France en 2016 et 2019. Dans les deux cas, aucun relev\u00e9 m\u00e9dico-l\u00e9gal n&rsquo;atteste de l&rsquo;usage d&rsquo;un tel gaz.<\/p>\n<p>D&rsquo;apr\u00e8s le TCS (Touring Club Suisse), les vols dans les camping-cars sont plus fr\u00e9quents \u00e0 proximit\u00e9 des grandes agglom\u00e9rations du sud de l&rsquo;Europe, comme en Italie, en Espagne et dans le sud de la France, notamment sur les parkings non surveill\u00e9s et les aires de service autorouti\u00e8res. Il s&rsquo;agit toutefois de vols \u00ab\u00a0classiques\u00a0\u00bb, sans utilisation d&rsquo;anesth\u00e9sie.<\/p>\n<p>L&rsquo;Association suisse de pr\u00e9vention de la criminalit\u00e9 (SKP) \u00ab\u00a0n&rsquo;a connaissance d&rsquo;aucun vol visant les campeurs \u00e0 l&rsquo;aide de gaz anesth\u00e9siant\u00a0\u00bb, avance \u00e9galement Fabian Ilg, directeur g\u00e9n\u00e9ral de la SKP, interrog\u00e9 par SRF.<\/p>\n<p>D&rsquo;o\u00f9 vient cette rumeur?<\/p>\n<p>Cette l\u00e9gende urbaine persiste depuis des ann\u00e9es. Pourquoi? \u00ab\u00a0Parce que personne n&rsquo;imagine qu&rsquo;on puisse se faire voler quelque chose pendant son sommeil\u00a0\u00bb, pense Rolf J\u00e4rmann. \u00ab\u00a0On a tous l&rsquo;impression qu&rsquo;on entendrait quelque chose en cas d&rsquo;effraction.\u00a0\u00bb Si un cambriolage arrive malgr\u00e9 tout, le choc peut d\u00e9sorienter les victimes, qui interpr\u00e8tent leur \u00e9tat physique et \u00e9motionnel au r\u00e9veil comme un signe d&rsquo;anesth\u00e9sie.<\/p>\n<p>En outre, pour \u00e9viter le bruit ext\u00e9rieur sur les aires d&rsquo;autoroute, les camping-caristes ferment souvent les \u00e9coutilles. En dormant \u00e0 plusieurs dans un espace restreint et peu ventil\u00e9, le taux de dioxyde de carbone peut grimper. Un taux \u00e9lev\u00e9 de CO2 provoque exactement les sympt\u00f4mes d\u00e9crits par certaines victimes au r\u00e9veil: c\u00e9phal\u00e9es, naus\u00e9es, fatigue et sensation de \u00ab\u00a0gueule de bois\u00a0\u00bb.<\/p>\n<p>Des polices fran\u00e7aises ou allemandes ont communiqu\u00e9 sur des t\u00e9moignages de victimes pour faire de la pr\u00e9vention, sans avoir de preuves m\u00e9dico-l\u00e9gales. La presse a relat\u00e9 les d\u00e9clarations de police ainsi que les t\u00e9moignages de victimes, sans, elle aussi, se baser sur des preuves, confondant exp\u00e9riences subjectives et traces m\u00e9dico-l\u00e9gales attest\u00e9es. Les articles de presse qui en d\u00e9coulent servent aujourd&rsquo;hui encore d&rsquo;arguments pour \u00e9tayer l&rsquo;hypoth\u00e8se de l&rsquo;usage de gaz soporifique dans des cambriolages de camping-car (lire \u00e9galement l&rsquo;encadr\u00e9).<\/p>\n<p>S&rsquo;il n&rsquo;existe aucune donn\u00e9e m\u00e9dico-l\u00e9gale de l&rsquo;usage de gaz soporifique dans ces cambriolages, il n&rsquo;est pas impossible que des cas soient r\u00e9ellement survenus. Mais au vu de l&rsquo;absence de preuves factuelles apr\u00e8s plus de 25 ans de rumeurs sur les autoroutes d&rsquo;Europe, on peut avancer avec prudence qu&rsquo;un tel mode op\u00e9ratoire est improbable \u2013 sans nier le cauchemar, bien r\u00e9el, v\u00e9cu par les victimes.<\/p>\n<p class=\"sources\">Sujet original de Sibilla Bondolfi (SRF), diffus\u00e9 dans le Journal r\u00e9gional Berne Fribourg Valais de SRF du 10 juillet 2026<\/p>\n<p class=\"credit\">Adaptation fran\u00e7aise: Julien Furrer (RTS)<\/p>\n","protected":false},"excerpt":{"rendered":"Depuis des ann\u00e9es, des rumeurs circulent selon lesquelles des cambrioleurs de camping-car s&rsquo;assureraient du sommeil de leurs victimes&hellip;\n","protected":false},"author":2,"featured_media":224318,"comment_status":"","ping_status":"","sticky":false,"template":"","format":"standard","meta":{"footnotes":"","_share_on_mastodon":"0"},"categories":[4],"tags":[22,1597,895,1320,1501,1323,355,1305,3718,21,306,238,1875,23,240,8252,443],"class_list":["post-224317","post","type-post","status-publish","format-standard","has-post-thumbnail","category-actualites","tag-actualites","tag-aviateur","tag-cambriolage","tag-changement-climatique","tag-desastres-et-accidents","tag-dialogue","tag-environnement","tag-gaz","tag-legende-urbaine","tag-news","tag-police","tag-societe","tag-sommeil","tag-suisse","tag-temoignage","tag-vehicule","tag-victime"],"share_on_mastodon":{"url":"https:\/\/pubeurope.com\/@ch_fr\/116946902023977427","error":""},"_links":{"self":[{"href":"https:\/\/www.europesays.com\/ch-fr\/wp-json\/wp\/v2\/posts\/224317","targetHints":{"allow":["GET"]}}],"collection":[{"href":"https:\/\/www.europesays.com\/ch-fr\/wp-json\/wp\/v2\/posts"}],"about":[{"href":"https:\/\/www.europesays.com\/ch-fr\/wp-json\/wp\/v2\/types\/post"}],"author":[{"embeddable":true,"href":"https:\/\/www.europesays.com\/ch-fr\/wp-json\/wp\/v2\/users\/2"}],"replies":[{"embeddable":true,"href":"https:\/\/www.europesays.com\/ch-fr\/wp-json\/wp\/v2\/comments?post=224317"}],"version-history":[{"count":0,"href":"https:\/\/www.europesays.com\/ch-fr\/wp-json\/wp\/v2\/posts\/224317\/revisions"}],"wp:featuredmedia":[{"embeddable":true,"href":"https:\/\/www.europesays.com\/ch-fr\/wp-json\/wp\/v2\/media\/224318"}],"wp:attachment":[{"href":"https:\/\/www.europesays.com\/ch-fr\/wp-json\/wp\/v2\/media?parent=224317"}],"wp:term":[{"taxonomy":"category","embeddable":true,"href":"https:\/\/www.europesays.com\/ch-fr\/wp-json\/wp\/v2\/categories?post=224317"},{"taxonomy":"post_tag","embeddable":true,"href":"https:\/\/www.europesays.com\/ch-fr\/wp-json\/wp\/v2\/tags?post=224317"}],"curies":[{"name":"wp","href":"https:\/\/api.w.org\/{rel}","templated":true}]}}