{"id":224429,"date":"2026-07-19T15:35:12","date_gmt":"2026-07-19T15:35:12","guid":{"rendered":"https:\/\/www.europesays.com\/ch-fr\/224429\/"},"modified":"2026-07-19T15:35:12","modified_gmt":"2026-07-19T15:35:12","slug":"audrey-fleurot-les-deux-qualites-essentielles-a-ses-yeux-cest-plus-important-que-les-etudes","status":"publish","type":"post","link":"https:\/\/www.europesays.com\/ch-fr\/224429\/","title":{"rendered":"Audrey Fleurot, les deux qualit\u00e9s essentielles \u00e0 ses yeux\u00a0: \u00ab\u00a0c&rsquo;est plus important que les \u00e9tudes\u00a0\u00bb"},"content":{"rendered":"<p>Priorit\u00e9s. Maman d&rsquo;un fils pr\u00e9nomm\u00e9 Lou n\u00e9 en 2015, <a href=\"https:\/\/www.journaldesfemmes.fr\/people\/personnalites\/2814131-audrey-fleurot-hpi-fils-age-cheveux\/\" title=\"Audrey Fleurot\" rel=\"nofollow noopener\" target=\"_blank\">Audrey Fleurot<\/a> veille \u00e0 lui transmettre deux valeurs plus importantes \u00e0 ses yeux que de bons r\u00e9sultats scolaires. \u00ab\u00a0Qu&rsquo;il soit dr\u00f4le et bien \u00e9lev\u00e9 est presque plus important que ses \u00e9tudes. Il faut qu&rsquo;il soit bien dans ses baskets \u00e9videmment, mais je serais triste de ne pas partager l&rsquo;humour avec lui\u00a0\u00bb, a confi\u00e9 la com\u00e9dienne de 49 ans \u00e0 Nous Deux.<\/p>\n","protected":false},"excerpt":{"rendered":"Priorit\u00e9s. Maman d&rsquo;un fils pr\u00e9nomm\u00e9 Lou n\u00e9 en 2015, Audrey Fleurot veille \u00e0 lui transmettre deux valeurs plus&hellip;\n","protected":false},"author":2,"featured_media":224430,"comment_status":"","ping_status":"","sticky":false,"template":"","format":"standard","meta":{"footnotes":"","_share_on_mastodon":"0"},"categories":[11],"tags":[31647,50186,203,113,112,139,138,1244,207,864,137,23],"class_list":["post-224429","post","type-post","status-publish","format-standard","has-post-thumbnail","category-films","tag-audrey-fleurot","tag-cms-journaldesfemmes-3272849","tag-controller-content","tag-divertissement","tag-entertainment","tag-film","tag-films","tag-format-reportage","tag-les-histoires-du-jdf","tag-magazine","tag-movies","tag-suisse"],"share_on_mastodon":{"url":"https:\/\/pubeurope.com\/@ch_fr\/116947381340659891","error":""},"_links":{"self":[{"href":"https:\/\/www.europesays.com\/ch-fr\/wp-json\/wp\/v2\/posts\/224429","targetHints":{"allow":["GET"]}}],"collection":[{"href":"https:\/\/www.europesays.com\/ch-fr\/wp-json\/wp\/v2\/posts"}],"about":[{"href":"https:\/\/www.europesays.com\/ch-fr\/wp-json\/wp\/v2\/types\/post"}],"author":[{"embeddable":true,"href":"https:\/\/www.europesays.com\/ch-fr\/wp-json\/wp\/v2\/users\/2"}],"replies":[{"embeddable":true,"href":"https:\/\/www.europesays.com\/ch-fr\/wp-json\/wp\/v2\/comments?post=224429"}],"version-history":[{"count":0,"href":"https:\/\/www.europesays.com\/ch-fr\/wp-json\/wp\/v2\/posts\/224429\/revisions"}],"wp:featuredmedia":[{"embeddable":true,"href":"https:\/\/www.europesays.com\/ch-fr\/wp-json\/wp\/v2\/media\/224430"}],"wp:attachment":[{"href":"https:\/\/www.europesays.com\/ch-fr\/wp-json\/wp\/v2\/media?parent=224429"}],"wp:term":[{"taxonomy":"category","embeddable":true,"href":"https:\/\/www.europesays.com\/ch-fr\/wp-json\/wp\/v2\/categories?post=224429"},{"taxonomy":"post_tag","embeddable":true,"href":"https:\/\/www.europesays.com\/ch-fr\/wp-json\/wp\/v2\/tags?post=224429"}],"curies":[{"name":"wp","href":"https:\/\/api.w.org\/{rel}","templated":true}]}}