{"id":224711,"date":"2026-07-19T20:07:10","date_gmt":"2026-07-19T20:07:10","guid":{"rendered":"https:\/\/www.europesays.com\/ch-fr\/224711\/"},"modified":"2026-07-19T20:07:10","modified_gmt":"2026-07-19T20:07:10","slug":"au-menuhin-festival-gstaad-leclat-visceral-de-mozart-sous-larchet-de-pinchas-zukerman","status":"publish","type":"post","link":"https:\/\/www.europesays.com\/ch-fr\/224711\/","title":{"rendered":"Au Menuhin Festival Gstaad, l\u2019\u00e9clat visc\u00e9ral de Mozart sous l\u2019archet de Pinchas Zukerman"},"content":{"rendered":"<p>Mozart n\u2019\u00e9tait pas apparu aussi libre et intempestif depuis longtemps. Sous les vo\u00fbtes bois\u00e9es de l\u2019\u00e9glise de Saanen, vendredi soir, le Menuhin Festival Gstaad ouvrait sa nouvelle \u00e9dition en ressuscitant l\u2019\u00e9clat du classicisme viennois. Tendu entre la rigueur architecturale de Haydn et l\u2019urgence dramatique de Mozart, le programme s\u2019est d\u00e9ploy\u00e9 avec une intelligence subtile, trouvant son alchimie organique gr\u00e2ce au Z\u00fcrcher Kammerorchester (ZKO), au violoniste Pinchas Zukerman et \u00e0 Daniel Hope, nouveau directeur de la manifestation, souverain en concertmeister.<\/p>\n<p>L\u2019absence de Zubin Mehta au pupitre, retenu pour des raisons de sant\u00e9, n\u2019a pas affect\u00e9 l\u2019\u00e9nergie collective d\u00e9mentielle d\u00e9ploy\u00e9e par le ZKO en ma\u00eetrise totale de l\u2019esth\u00e9tique, sculptant les reliefs de ces trois partitions. Dans le Concerto no 3 en sol\u00a0majeur K 216, Mozart ne renie ni le style galant ni l\u2019influence fran\u00e7aise: il les charge d\u2019une tout autre ampleur. Pinchas Zukerman d\u00e9ploie un violon tour \u00e0 tour grave, \u00e9perdu, tragique, toujours vocal. Il faut l\u2019observer sur la sc\u00e8ne de Saanen, \u00e9couter combien il rend vibrante chaque appoggiature pour comprendre intuitivement son rapport visc\u00e9ral \u00e0 la note.<\/p>\n","protected":false},"excerpt":{"rendered":"Mozart n\u2019\u00e9tait pas apparu aussi libre et intempestif depuis longtemps. Sous les vo\u00fbtes bois\u00e9es de l\u2019\u00e9glise de Saanen,&hellip;\n","protected":false},"author":2,"featured_media":224712,"comment_status":"","ping_status":"","sticky":false,"template":"","format":"standard","meta":{"footnotes":"","_share_on_mastodon":"0"},"categories":[4],"tags":[22,172,35915,1512,21,174,23],"class_list":["post-224711","post","type-post","status-publish","format-standard","has-post-thumbnail","category-actualites","tag-actualites","tag-culture","tag-gstaad-menuhin-festival","tag-musique-classique","tag-news","tag-premium","tag-suisse"],"share_on_mastodon":{"url":"https:\/\/pubeurope.com\/@ch_fr\/116948451150179394","error":""},"_links":{"self":[{"href":"https:\/\/www.europesays.com\/ch-fr\/wp-json\/wp\/v2\/posts\/224711","targetHints":{"allow":["GET"]}}],"collection":[{"href":"https:\/\/www.europesays.com\/ch-fr\/wp-json\/wp\/v2\/posts"}],"about":[{"href":"https:\/\/www.europesays.com\/ch-fr\/wp-json\/wp\/v2\/types\/post"}],"author":[{"embeddable":true,"href":"https:\/\/www.europesays.com\/ch-fr\/wp-json\/wp\/v2\/users\/2"}],"replies":[{"embeddable":true,"href":"https:\/\/www.europesays.com\/ch-fr\/wp-json\/wp\/v2\/comments?post=224711"}],"version-history":[{"count":0,"href":"https:\/\/www.europesays.com\/ch-fr\/wp-json\/wp\/v2\/posts\/224711\/revisions"}],"wp:featuredmedia":[{"embeddable":true,"href":"https:\/\/www.europesays.com\/ch-fr\/wp-json\/wp\/v2\/media\/224712"}],"wp:attachment":[{"href":"https:\/\/www.europesays.com\/ch-fr\/wp-json\/wp\/v2\/media?parent=224711"}],"wp:term":[{"taxonomy":"category","embeddable":true,"href":"https:\/\/www.europesays.com\/ch-fr\/wp-json\/wp\/v2\/categories?post=224711"},{"taxonomy":"post_tag","embeddable":true,"href":"https:\/\/www.europesays.com\/ch-fr\/wp-json\/wp\/v2\/tags?post=224711"}],"curies":[{"name":"wp","href":"https:\/\/api.w.org\/{rel}","templated":true}]}}