{"id":224731,"date":"2026-07-19T20:32:11","date_gmt":"2026-07-19T20:32:11","guid":{"rendered":"https:\/\/www.europesays.com\/ch-fr\/224731\/"},"modified":"2026-07-19T20:32:11","modified_gmt":"2026-07-19T20:32:11","slug":"plus-on-est-de-fous-plus-la-fresque-sera-grande-une-mosaique-participative-pour-embellir-la-chaussee-a-loches","status":"publish","type":"post","link":"https:\/\/www.europesays.com\/ch-fr\/224731\/","title":{"rendered":"\u00ab\u00a0Plus on est de fous, plus la fresque sera grande\u00a0\u00bb : une mosa\u00efque participative pour embellir la chauss\u00e9e, \u00e0 Loches"},"content":{"rendered":"<p>Le claquement r\u00e9gulier des pinces r\u00e9sonne dans la fra\u00eecheur de la grotte. Quatre femmes s\u2019affairent, le dos courb\u00e9, concentr\u00e9es sur leurs tesselles. Dimanche 19\u00a0juillet 2026, elles inaugurent un chantier d\u2019envergure\u00a0: la r\u00e9alisation d\u2019une fresque participative en mosa\u00efque destin\u00e9e \u00e0 combler les nids-de-poule de la rue du Rossignolet, \u00e0 Loches.<\/p>\n<p>Port\u00e9 par le Th\u00e9\u00e2tre du Rossignolet, ce projet citoyen se d\u00e9roulera en trois sessions de deux jours. Chaque journ\u00e9e pourra accueillir jusqu\u2019\u00e0 huit participants, encadr\u00e9s par Gerda Jacob, mosa\u00efste professionnelle. Parmi eux, \u00c9velyne Orio, qui d\u00e9couvre cette technique pour la premi\u00e8re fois, lance un appel aux curieux\u00a0: \ufeff\u00ab\u00a0Plus on est de fous, plus la fresque sera grande\u00a0!\u00a0\u00bb<\/p>\n<p>Lors de la premi\u00e8re \u00e9dition, en 2025, plusieurs pi\u00e8ces avaient d\u00e9j\u00e0 \u00e9t\u00e9 r\u00e9alis\u00e9es puis int\u00e9gr\u00e9es au bitume afin d\u2019embellir l\u2019espace public. Les cr\u00e9ations ont suscit\u00e9 l\u2019int\u00e9r\u00eat des promeneurs et convaincu de nouveaux participants. Murielle Cl\u00e9ment les avait d\u00e9couvertes dans le journal\u00a0: \u00ab\u00a0Je me suis inscrite pour cet \u00e9t\u00e9.\u00a0\u00bb \u00ab\u00a0De plus en plus de gens viennent se promener dans la rue pour voir le r\u00e9sultat\u00a0\u00bb, constate Gerda Jacob.<\/p>\n<p>S\u00e9duire un large public<\/p>\n<p>Au-del\u00e0 de la r\u00e9alisation d\u2019une \u0153uvre collective, le projet poursuit un objectif plus large\u00a0: rapprocher la culture des habitants. Cette fresque s\u2019inscrit dans le programme <a target=\"_self\" href=\"https:\/\/theatredurossignolet.com\/a-la-volee\/\" rel=\"nofollow noopener\">\u00c0 la vol\u00e9e<\/a> du Th\u00e9\u00e2tre du Rossignolet, un dispositif d\u2019initiatives citoyennes destin\u00e9 \u00e0 animer la vie locale. Pour \u00c9velyne Orio, \u00e9galement coordinatrice de ces \u00e9v\u00e9nements, il s\u2019agit de \u00ab\u00a0faire conna\u00eetre le th\u00e9\u00e2tre\u00a0\u00bb. Une ambition qui porte ses fruits\u00a0: plusieurs participants des pr\u00e9c\u00e9dents ateliers sont, depuis, devenus b\u00e9n\u00e9voles. Parmi eux, Nany Daudin, venue saluer les mosa\u00efstes au cours de la matin\u00e9e. \u00ab\u00a0On cr\u00e9e une sorte de communaut\u00e9\u00a0\u00bb, r\u00e9sume Gerda Jacob.<\/p>\n<p>Reste un d\u00e9fi\u00a0: attirer un public plus diversifi\u00e9. Concentr\u00e9e sur la d\u00e9coupe de ses p\u00e9tales, Nicole Pinkos regrette l\u2019absence de jeunes\u00a0: \u00ab\u00a0Peut-\u00eatre qu\u2019il faudrait combiner mosa\u00efque et street art pour les faire venir.\u00a0\u00bb Gerda Jacob partage son analyse\u00a0: \u00ab\u00a0La mosa\u00efque souffre encore de pr\u00e9jug\u00e9s. Elle a gard\u00e9 une image vieillotte.\u00a0\u00bb Si les ateliers sont ouverts \u00e0 partir de 15\u00a0ans, \u00ab\u00a0dans les faits, ce sont surtout les vieilles qui viennent\u00a0\u00bb, plaisantent-elles. Pour y rem\u00e9dier, l\u2019\u00e9quipe envisage de proposer, \u00e0 terme, une activit\u00e9 destin\u00e9e aux enfants, en parall\u00e8le des ateliers, afin d\u2019attirer davantage de familles.<\/p>\n<p>\u00ab\u00a0Un espace d\u00e9di\u00e9 \u00e0 l\u2019art\u00a0\u00bb<\/p>\n<p>La rue du Rossignolet accueille d\u00e9j\u00e0 plusieurs installations artistiques permanentes et le jardin du th\u00e9\u00e2tre expose r\u00e9guli\u00e8rement des \u0153uvres. Le vernissage de la mosa\u00efque aura d\u2019ailleurs lieu lors du festival du th\u00e9\u00e2tre, le dernier week-end de septembre. L\u2019objectif est de faire de cette rue \u00ab\u00a0un espace d\u00e9di\u00e9 \u00e0 l\u2019art\u00a0\u00bb, explique \u00c9velyne Orio.<\/p>\n<p>Pour assurer une continuit\u00e9 esth\u00e9tique, Gerda Jacob a imagin\u00e9 une composition faisant \u00e9cho aux motifs de l\u2019an dernier, tout en laissant une large place \u00e0 la cr\u00e9ativit\u00e9 des participants. En observant les quatre apprenties mosa\u00efstes \u00e0 l\u2019\u0153uvre, la professionnelle se montre confiante\u00a0: \u00ab\u00a0Elles ont toutes des facilit\u00e9s, \u00e7a avance bien.\u00a0\u00bb Nicole Pinkos savoure cette exp\u00e9rience\u00a0: \u00ab\u00a0On apprend encore, quel que soit son \u00e2ge, c\u2019est g\u00e9nial\u00a0!\u00a0\u00bb<\/p>\n<p>Les prochaines sessions auront lieu les 26 et 27\u00a0juillet puis les 2 et 3\u00a0ao\u00fbt 2026. Il reste encore quelques places pour celles et ceux qui souhaitent laisser une trace dans la rue du Rossignolet.<\/p>\n","protected":false},"excerpt":{"rendered":"Le claquement r\u00e9gulier des pinces r\u00e9sonne dans la fra\u00eecheur de la grotte. Quatre femmes s\u2019affairent, le dos courb\u00e9,&hellip;\n","protected":false},"author":2,"featured_media":224732,"comment_status":"","ping_status":"","sticky":false,"template":"","format":"standard","meta":{"footnotes":"","_share_on_mastodon":"0"},"categories":[14],"tags":[2743,3579,155,156,50233,26938,2711,113,112,44709,347,23],"class_list":["post-224731","post","type-post","status-publish","format-standard","has-post-thumbnail","category-arts-et-design","tag-a-la-une-local","tag-artisanat","tag-arts-and-design","tag-arts-et-design","tag-ateliers-creatifs","tag-citoyennete","tag-communes","tag-divertissement","tag-entertainment","tag-loches","tag-loisirs","tag-suisse"],"share_on_mastodon":{"url":"https:\/\/pubeurope.com\/@ch_fr\/116948549175243410","error":""},"_links":{"self":[{"href":"https:\/\/www.europesays.com\/ch-fr\/wp-json\/wp\/v2\/posts\/224731","targetHints":{"allow":["GET"]}}],"collection":[{"href":"https:\/\/www.europesays.com\/ch-fr\/wp-json\/wp\/v2\/posts"}],"about":[{"href":"https:\/\/www.europesays.com\/ch-fr\/wp-json\/wp\/v2\/types\/post"}],"author":[{"embeddable":true,"href":"https:\/\/www.europesays.com\/ch-fr\/wp-json\/wp\/v2\/users\/2"}],"replies":[{"embeddable":true,"href":"https:\/\/www.europesays.com\/ch-fr\/wp-json\/wp\/v2\/comments?post=224731"}],"version-history":[{"count":0,"href":"https:\/\/www.europesays.com\/ch-fr\/wp-json\/wp\/v2\/posts\/224731\/revisions"}],"wp:featuredmedia":[{"embeddable":true,"href":"https:\/\/www.europesays.com\/ch-fr\/wp-json\/wp\/v2\/media\/224732"}],"wp:attachment":[{"href":"https:\/\/www.europesays.com\/ch-fr\/wp-json\/wp\/v2\/media?parent=224731"}],"wp:term":[{"taxonomy":"category","embeddable":true,"href":"https:\/\/www.europesays.com\/ch-fr\/wp-json\/wp\/v2\/categories?post=224731"},{"taxonomy":"post_tag","embeddable":true,"href":"https:\/\/www.europesays.com\/ch-fr\/wp-json\/wp\/v2\/tags?post=224731"}],"curies":[{"name":"wp","href":"https:\/\/api.w.org\/{rel}","templated":true}]}}