{"id":224925,"date":"2026-07-20T01:52:21","date_gmt":"2026-07-20T01:52:21","guid":{"rendered":"https:\/\/www.europesays.com\/ch-fr\/224925\/"},"modified":"2026-07-20T01:52:21","modified_gmt":"2026-07-20T01:52:21","slug":"ronde-des-fetes-grosse-affluence-a-la-fete-de-la-carpe-frite-de-munchhouse","status":"publish","type":"post","link":"https:\/\/www.europesays.com\/ch-fr\/224925\/","title":{"rendered":"Ronde des f\u00eates. Grosse affluence \u00e0 la F\u00eate de la carpe frite de Munchhouse"},"content":{"rendered":"<p>Les festivit\u00e9s de la carpe frite de Munchhouse, <a href=\"https:\/\/www.lalsace.fr\/culture-loisirs\/2026\/07\/14\/la-fete-de-la-carpe-frite-puissance-huit-a-munchhouse\" target=\"_blank\" rel=\"nofollow noopener\">organis\u00e9es cette ann\u00e9e par le football club local<\/a> , ont ouvert leurs portes jeudi soir 16\u00a0juillet avec une soir\u00e9e \u00ab\u00a0Afterwork\u00a0\u00bb en plein air, anim\u00e9e par DJ Alex Kosta. Une belle fa\u00e7on d\u2019entamer une f\u00eate qui s\u2019est prolong\u00e9e tout au long de ce week-end et qui sera encore d\u2019actualit\u00e9 la semaine prochaine.<\/p>\n<p>L\u2019\u00e9quipe de b\u00e9n\u00e9voles s\u2019est d\u00e9men\u00e9e pour satisfaire les visiteurs, qui ont pu appr\u00e9cier les menus compos\u00e9s autour de la carpe frite. \u00ab\u00a0Nous sommes satisfaits de voir le public pr\u00e9sent pour cette premi\u00e8re journ\u00e9e de f\u00eate, gr\u00e2ce aux nombreux b\u00e9n\u00e9voles qui se sont mobilis\u00e9s avec beaucoup d\u2019engagement\u00a0\u00bb, se r\u00e9jouissait le pr\u00e9sident David Schilling. Malheureusement, le loto de vendredi soir a \u00e9t\u00e9 annul\u00e9 par les organisateurs en raison de la chaleur.<\/p>\n<p>Le samedi en revanche, la soir\u00e9e pop-rock anim\u00e9e par Dr Boost et DJ Noda a \u00e9t\u00e9 une r\u00e9ussite avec une belle fr\u00e9quentation et une ambiance du tonnerre. Ce dimanche enfin, le groupe Santa Esmeralda a propos\u00e9 une journ\u00e9e compl\u00e8te de musique et de danse, tandis que l\u2019association Celtic Hardt tenait son march\u00e9 aux puces et des producteurs locaux.<\/p>\n<p>  Deuxi\u00e8me salve de festivit\u00e9s d\u00e8s jeudi<\/p>\n<p>La f\u00eate, <a href=\"https:\/\/www.lalsace.fr\/culture-loisirs\/2026\/05\/10\/ronde-des-fetes-2026-51-rendez-vous-pour-valoriser-federer-et-s-amuser\" target=\"_blank\" rel=\"nofollow noopener\">toujours inscrite au calendrier de la Ronde des f\u00eates<\/a> , reprendra ce jeudi 23\u00a0juillet par une nouvelle soir\u00e9e \u00ab\u00a0Afterwork\u00a0\u00bb \u00e0 partir de 18\u00a0h, anim\u00e9e par le Red Canyon Band (entr\u00e9e gratuite et petite restauration). Le vendredi\u00a024, place \u00e0 la danse avec une soir\u00e9e G\u00e9n\u00e9ration 90-2000 anim\u00e9e par DJ Mast, \u00e0 partir de 19\u00a0h (soir\u00e9e payante).<\/p>\n<p>Samedi\u00a025 \u00e0 partir de 19\u00a0h, la tonalit\u00e9 sera cette fois \u00ab\u00a0ann\u00e9es 80\u00a0\u00bb avec l\u2019orchestre Challenger (soir\u00e9e payante). Le dimanche\u00a026, enfin, la journ\u00e9e de 11\u00a0h \u00e0 16\u00a0h et la soir\u00e9e de 19\u00a0h \u00e0 1\u00a0h seront anim\u00e9es par le groupe Ma bonne \u00c9toile (entr\u00e9e gratuite et grand feu d\u2019artifice \u00e0 22\u00a0h\u00a030).<\/p>\n<p>La marche gourmande du dimanche 26\u00a0juillet, sur le th\u00e8me de <a href=\"https:\/\/www.lalsace.fr\/coupe-du-monde-de-football\" target=\"_blank\" rel=\"nofollow noopener\">la Coupe du monde de football<\/a> , sera l\u2019un des \u00e9v\u00e9nements phares de la f\u00eate. D\u00e9part le matin entre 10\u00a0h et 12\u00a0h, r\u00e9servations obligatoires aupr\u00e8s du tabac Loewert (03\u00a089\u00a081\u00a021\u00a067), de Thierry Karcher (06\u00a015\u00a062\u00a044\u00a052) Thierry Karcher, ou sur le site Helloasso.com. Tarifs\u00a0: 38\u00a0\u20ac adulte, 26\u00a0\u20ac pour les 6-12 ans.<\/p>\n<p class=\"note\">Soir\u00e9es payantes\u00a0: 12\u00a0\u20ac sur place, 10\u00a0\u20ac en pr\u00e9vente\u00a0; avec le repas carpe frite, 28\u00a0\u20ac, 25\u00a0\u20ac en pr\u00e9vente. Menu carpe frites salade dessert seul au prix de 18\u00a0\u20ac, sur place ou \u00e0 emporter. Menu enfant \u00e0 8\u00a0\u20ac.<\/p>\n","protected":false},"excerpt":{"rendered":"Les festivit\u00e9s de la carpe frite de Munchhouse, organis\u00e9es cette ann\u00e9e par le football club local , ont&hellip;\n","protected":false},"author":2,"featured_media":224926,"comment_status":"","ping_status":"","sticky":false,"template":"","format":"standard","meta":{"footnotes":"","_share_on_mastodon":"0"},"categories":[7],"tags":[663,2655,662,297,22623,18827,49068,61,57,59,58,23,60,62],"class_list":["post-224925","post","type-post","status-publish","format-standard","has-post-thumbnail","category-sciences-et-technologies","tag-culture-loisirs","tag-edition-colmar-guebwiller","tag-fete-locale","tag-fil-info","tag-hardt","tag-magazine-cuisine-et-vins","tag-munchhouse","tag-science","tag-science-and-technology","tag-sciences","tag-sciences-et-technologies","tag-suisse","tag-technologies","tag-technology"],"share_on_mastodon":{"url":"https:\/\/pubeurope.com\/@ch_fr\/116949807646415935","error":""},"_links":{"self":[{"href":"https:\/\/www.europesays.com\/ch-fr\/wp-json\/wp\/v2\/posts\/224925","targetHints":{"allow":["GET"]}}],"collection":[{"href":"https:\/\/www.europesays.com\/ch-fr\/wp-json\/wp\/v2\/posts"}],"about":[{"href":"https:\/\/www.europesays.com\/ch-fr\/wp-json\/wp\/v2\/types\/post"}],"author":[{"embeddable":true,"href":"https:\/\/www.europesays.com\/ch-fr\/wp-json\/wp\/v2\/users\/2"}],"replies":[{"embeddable":true,"href":"https:\/\/www.europesays.com\/ch-fr\/wp-json\/wp\/v2\/comments?post=224925"}],"version-history":[{"count":0,"href":"https:\/\/www.europesays.com\/ch-fr\/wp-json\/wp\/v2\/posts\/224925\/revisions"}],"wp:featuredmedia":[{"embeddable":true,"href":"https:\/\/www.europesays.com\/ch-fr\/wp-json\/wp\/v2\/media\/224926"}],"wp:attachment":[{"href":"https:\/\/www.europesays.com\/ch-fr\/wp-json\/wp\/v2\/media?parent=224925"}],"wp:term":[{"taxonomy":"category","embeddable":true,"href":"https:\/\/www.europesays.com\/ch-fr\/wp-json\/wp\/v2\/categories?post=224925"},{"taxonomy":"post_tag","embeddable":true,"href":"https:\/\/www.europesays.com\/ch-fr\/wp-json\/wp\/v2\/tags?post=224925"}],"curies":[{"name":"wp","href":"https:\/\/api.w.org\/{rel}","templated":true}]}}