{"id":225111,"date":"2026-07-20T06:11:10","date_gmt":"2026-07-20T06:11:10","guid":{"rendered":"https:\/\/www.europesays.com\/ch-fr\/225111\/"},"modified":"2026-07-20T06:11:10","modified_gmt":"2026-07-20T06:11:10","slug":"ces-produits-creent-les-fumeurs-chroniques-de-demain-la-vente-des-cigarettes-puffs-reste-interdite-en-attendant-une-decision-judiciaire-le-dauphine-libere","status":"publish","type":"post","link":"https:\/\/www.europesays.com\/ch-fr\/225111\/","title":{"rendered":"\u00ab Ces produits cr\u00e9ent les fumeurs chroniques de demain \u00bb : la vente des cigarettes puffs reste interdite en attendant une d\u00e9cision judiciaire &#8211; Le Dauphin\u00e9 Lib\u00e9r\u00e9"},"content":{"rendered":"<p><a href=\"https:\/\/news.google.com\/rss\/articles\/CBMijgJBVV95cUxQbWtsZG9iZEx6aGhyMGx0dEQyVGZ6ME5DbU1zLUtHVHF0NXZqOFVRMnJuclRXS2F2T005Y3dqd2hHcVJEdHl4LWlJZ2s2RUdPM2s1dTZyeTV1ZE0tTjdzMF9DMUdHNGxZeTNCeVpWVm1UdC1tSjMySV90WUg0Ynk1QUJJUDFvMFg2aXJMeTZGdUVVYUthUU5CeDdJUzR5S2pPNHRDV2F6djFlMU44SDVyMy0zS1A1Q2ZOem10T0tjUFU3MjMteWctSkF6WFBPRU5xQnlLYllZWGtRa3NuNTRzWVZGYU5MNF9Sd3JNdVZSZC0wLXc4SVVvemhYdXVSZ1JrZDBtendZcE9tcEZyTHc?oc=5\" target=\"_blank\" rel=\"nofollow noopener\">\u00ab Ces produits cr\u00e9ent les fumeurs chroniques de demain \u00bb : la vente des cigarettes puffs reste interdite en attendant une d\u00e9cision judiciaire<\/a>&nbsp;&nbsp;Le Dauphin\u00e9 Lib\u00e9r\u00e9<a href=\"https:\/\/news.google.com\/rss\/articles\/CBMiyAFBVV95cUxQTWsxY0Q2WWpJdWNxNU5GZVIyTmZWT1dVcHprTTFTRHZZWXlac29NcEM3SDNXeGJfcHR3dkFhOFVhVE9IdlZxSUI2VE9hUnk5eHRTb2IwbGhYang3bmNwSS04cldsdkxWWEhZS1NjOVJQNi1oVVVxckRhOWMwb0xaZGczQ3dHQkoxTzJtQkhTdXBUOWZ4OEdGZ2hHamRmZDUyeWU4SHp6WFVsUVBHcWczbmNMT0ozQzNBZDhJMXhvZ19HdkJrSThlMQ?oc=5\" target=\"_blank\" rel=\"nofollow noopener\">Gen\u00e8ve peut maintenir l\u2019interdiction des puffs pendant le recours devant le Tribunal f\u00e9d\u00e9ral<\/a>&nbsp;&nbsp;Le Temps<a href=\"https:\/\/news.google.com\/rss\/articles\/CBMiwgFBVV95cUxQd285ckJjWXR3dnpRZFA5ZURhcFZCWlJuQnFPQWFua0dkZ1YzT1Vxa3BDUGFHcUE4cnhOUE1Oc0JTRkt3V1Q0MHduYjJKV2dYTzVIeWNfOVllME9nTUUtQnh2QUtFbmRhcURrWXV2eFZXVHVkMjk2aHpuLWhJQUF2QUVIVG9xYVdBaHFQZUV2eEJEbC1lNWxRZ1lZcWhiZEpHZHQyeUtrTnVoMkJTV2Q0OGVXRThlTlZQb21ybENteDJjZw?oc=5\" target=\"_blank\" rel=\"nofollow noopener\">\u00abPuffs\u00bb: la vente de cigarettes \u00e9lectroniques jetables d\u00e9finitivement interdite en Valais<\/a>&nbsp;&nbsp;ArcInfo<a href=\"https:\/\/news.google.com\/rss\/articles\/CBMikgFBVV95cUxQRkFoSFF3UFo3ZE9sVnZSWjJIbi12cWg2QXRpNFRxNzEzUkpPY19EU2RRb082cGVyVEc5Q1Npc2VCYWI0eEFxVnBSREs5aWE3NW1QSnN1UHlra3E4YS1wejI1Vi1YUWJsVlA5MDdPYmFOT1RZVmxmTUplRGpfT3dQeWV0eTNEdFB5TjU5dnotckh5dw?oc=5\" target=\"_blank\" rel=\"nofollow noopener\">Tribunal f\u00e9d\u00e9ral. Le TF valide l&rsquo;interdiction des \u00ab\u00a0puffs\u00a0\u00bb en Valais<\/a>&nbsp;&nbsp;La Libert\u00e9<a href=\"https:\/\/news.google.com\/rss\/articles\/CBMilAFBVV95cUxPeWxjZXppdTAzR25VWXZRMW55Q3lnR1pHYzlGLTU5UWJGZHVFemQ3Tl9pTjhMcGFpTnBLd0RMdmQ0Y3p5anJBS0cwUVJ0dDFXRF9BMUVGVkY5NHFFWFBycVhDYV9MZnFWOGpnQmJMeVJpZmpvZzUzZXRuUjQ4S1VaTmlXUDNYa0RwWWp5YmlIb1dLdDBm?oc=5\" target=\"_blank\" rel=\"nofollow noopener\">Maintien de l\u2019interdiction de la vente des puffs \u00e0 Gen\u00e8ve<\/a>&nbsp;&nbsp;Le Courrier<\/p>\n","protected":false},"excerpt":{"rendered":"\u00ab Ces produits cr\u00e9ent les fumeurs chroniques de demain \u00bb : la vente des cigarettes puffs reste interdite&hellip;\n","protected":false},"author":2,"featured_media":225112,"comment_status":"","ping_status":"","sticky":false,"template":"","format":"standard","meta":{"footnotes":"","_share_on_mastodon":"0"},"categories":[3],"tags":[8981,9180,3766,297,91,9179,1781,92,84,238,23],"class_list":["post-225111","post","type-post","status-publish","format-standard","has-post-thumbnail","category-suisse","tag-annemasse","tag-annemasse-bassin","tag-edition-grand-geneve-chablais-ain","tag-fil-info","tag-france-monde","tag-frontaliers","tag-haute-savoie","tag-politique","tag-sante","tag-societe","tag-suisse"],"share_on_mastodon":{"url":"https:\/\/pubeurope.com\/@ch_fr\/116950826047888377","error":""},"_links":{"self":[{"href":"https:\/\/www.europesays.com\/ch-fr\/wp-json\/wp\/v2\/posts\/225111","targetHints":{"allow":["GET"]}}],"collection":[{"href":"https:\/\/www.europesays.com\/ch-fr\/wp-json\/wp\/v2\/posts"}],"about":[{"href":"https:\/\/www.europesays.com\/ch-fr\/wp-json\/wp\/v2\/types\/post"}],"author":[{"embeddable":true,"href":"https:\/\/www.europesays.com\/ch-fr\/wp-json\/wp\/v2\/users\/2"}],"replies":[{"embeddable":true,"href":"https:\/\/www.europesays.com\/ch-fr\/wp-json\/wp\/v2\/comments?post=225111"}],"version-history":[{"count":0,"href":"https:\/\/www.europesays.com\/ch-fr\/wp-json\/wp\/v2\/posts\/225111\/revisions"}],"wp:featuredmedia":[{"embeddable":true,"href":"https:\/\/www.europesays.com\/ch-fr\/wp-json\/wp\/v2\/media\/225112"}],"wp:attachment":[{"href":"https:\/\/www.europesays.com\/ch-fr\/wp-json\/wp\/v2\/media?parent=225111"}],"wp:term":[{"taxonomy":"category","embeddable":true,"href":"https:\/\/www.europesays.com\/ch-fr\/wp-json\/wp\/v2\/categories?post=225111"},{"taxonomy":"post_tag","embeddable":true,"href":"https:\/\/www.europesays.com\/ch-fr\/wp-json\/wp\/v2\/tags?post=225111"}],"curies":[{"name":"wp","href":"https:\/\/api.w.org\/{rel}","templated":true}]}}