{"id":225737,"date":"2026-07-20T15:13:10","date_gmt":"2026-07-20T15:13:10","guid":{"rendered":"https:\/\/www.europesays.com\/ch-fr\/225737\/"},"modified":"2026-07-20T15:13:10","modified_gmt":"2026-07-20T15:13:10","slug":"annemasse-trigloth-quinze-ans-de-metal-sans-compromis","status":"publish","type":"post","link":"https:\/\/www.europesays.com\/ch-fr\/225737\/","title":{"rendered":"Annemasse. Trigl\u00f6th, quinze ans de metal sans compromis"},"content":{"rendered":"<p>N\u00e9 il y a une quinzaine d\u2019ann\u00e9es dans les studios de r\u00e9p\u00e9titions de Ch\u00e2teau Rouge \u00e0 Annemasse, Trigl\u00f6th ass\u00e8ne un metal rugueux, sombre et sans compromis. Le groupe puise son inspiration dans le death metal, le grindcore, le hardcore, le sludge et le stoner, fa\u00e7onnant un univers o\u00f9 la brutalit\u00e9 c\u00f4toie des atmosph\u00e8res plus travaill\u00e9es. Textes incisifs, riffs abrasifs et \u00e9nergie sc\u00e9nique radicale font de chacune de leurs prestations une exp\u00e9rience aussi intense qu\u2019inoubliable.<\/p>\n<p>Le quintette r\u00e9unit S\u00e9bastien (Annemasse), Nicolas (Annemasse), Alexandre (La C\u00f4te-d\u2019Hyot, Bonneville), Florent&#8230;<\/p>\n","protected":false},"excerpt":{"rendered":"N\u00e9 il y a une quinzaine d\u2019ann\u00e9es dans les studios de r\u00e9p\u00e9titions de Ch\u00e2teau Rouge \u00e0 Annemasse, Trigl\u00f6th&hellip;\n","protected":false},"author":2,"featured_media":225738,"comment_status":"","ping_status":"","sticky":false,"template":"","format":"standard","meta":{"footnotes":"","_share_on_mastodon":"0"},"categories":[12],"tags":[8981,9180,663,113,3766,112,140,141,23],"class_list":["post-225737","post","type-post","status-publish","format-standard","has-post-thumbnail","category-musique","tag-annemasse","tag-annemasse-bassin","tag-culture-loisirs","tag-divertissement","tag-edition-grand-geneve-chablais-ain","tag-entertainment","tag-music","tag-musique","tag-suisse"],"share_on_mastodon":{"url":"https:\/\/pubeurope.com\/@ch_fr\/116952957143161508","error":""},"_links":{"self":[{"href":"https:\/\/www.europesays.com\/ch-fr\/wp-json\/wp\/v2\/posts\/225737","targetHints":{"allow":["GET"]}}],"collection":[{"href":"https:\/\/www.europesays.com\/ch-fr\/wp-json\/wp\/v2\/posts"}],"about":[{"href":"https:\/\/www.europesays.com\/ch-fr\/wp-json\/wp\/v2\/types\/post"}],"author":[{"embeddable":true,"href":"https:\/\/www.europesays.com\/ch-fr\/wp-json\/wp\/v2\/users\/2"}],"replies":[{"embeddable":true,"href":"https:\/\/www.europesays.com\/ch-fr\/wp-json\/wp\/v2\/comments?post=225737"}],"version-history":[{"count":0,"href":"https:\/\/www.europesays.com\/ch-fr\/wp-json\/wp\/v2\/posts\/225737\/revisions"}],"wp:featuredmedia":[{"embeddable":true,"href":"https:\/\/www.europesays.com\/ch-fr\/wp-json\/wp\/v2\/media\/225738"}],"wp:attachment":[{"href":"https:\/\/www.europesays.com\/ch-fr\/wp-json\/wp\/v2\/media?parent=225737"}],"wp:term":[{"taxonomy":"category","embeddable":true,"href":"https:\/\/www.europesays.com\/ch-fr\/wp-json\/wp\/v2\/categories?post=225737"},{"taxonomy":"post_tag","embeddable":true,"href":"https:\/\/www.europesays.com\/ch-fr\/wp-json\/wp\/v2\/tags?post=225737"}],"curies":[{"name":"wp","href":"https:\/\/api.w.org\/{rel}","templated":true}]}}