{"id":226068,"date":"2026-07-20T19:37:20","date_gmt":"2026-07-20T19:37:20","guid":{"rendered":"https:\/\/www.europesays.com\/ch-fr\/226068\/"},"modified":"2026-07-20T19:37:20","modified_gmt":"2026-07-20T19:37:20","slug":"sara-de-paduwa-de-retour-sur-la-rtbf-avec-un-nouveau-jeu-televise","status":"publish","type":"post","link":"https:\/\/www.europesays.com\/ch-fr\/226068\/","title":{"rendered":"Sara De Paduwa de retour sur la RTBF avec un nouveau jeu t\u00e9l\u00e9vis\u00e9"},"content":{"rendered":"<p><a href=\"https:\/\/www.lalibre.be\/lifestyle\/people\/2025\/01\/21\/ne-donnez-jamais-vos-coordonnees-telephoniques-ou-bancaires-sara-de-paduwa-alerte-les-internautes-LY7WHVCGRFAVZHCNDJKA5B6MZY\/\" target=\"_self\" class=\"ap-StoryInterstitialLink ap-StoryElement ap-StoryElement--mb\" rel=\"nofollow noopener\">\u00ab\u00a0Ne donnez jamais vos coordonn\u00e9es t\u00e9l\u00e9phoniques ou bancaires\u00a0\u00bb : Sara De Paduwa alerte les internautes<\/a><\/p>\n<p class=\"ap-StoryElement ap-StoryElement--mb ap-StoryText\">Elle retrouvera finalement le public avec un format qui semble particuli\u00e8rement lui correspondre : \u00ab\u00a0Je me sens extr\u00eamement privil\u00e9gi\u00e9e de revenir avec un nouveau jeu sur La Une. C&rsquo;est un r\u00e9el plaisir de jouer avec notre public comme je le fais d\u00e9j\u00e0 en radio cette saison et l\u00e0 les retrouver sur un plateau t\u00e9l\u00e9, j&rsquo;ai h\u00e2te\u00a0\u00bb. Elle ajoute : \u00ab\u00a0C&rsquo;est un vrai moment de partage, de plaisir, d&rsquo;\u00e9change, \u00e7a va \u00eatre juste magique !\u00a0\u00bb<\/p>\n<p class=\"ap-StoryElement ap-StoryElement--mb ap-StoryText\">Ce nouveau d\u00e9fi n&rsquo;est pas une premi\u00e8re pour Sara De Paduwa, qui conna\u00eet d\u00e9j\u00e0 bien l&rsquo;univers des jeux t\u00e9l\u00e9vis\u00e9s. L&rsquo;animatrice a notamment pr\u00e9sent\u00e9 \u00ab\u00a0<a href=\"https:\/\/www.lalibre.be\/culture\/medias-tele\/2023\/01\/10\/la-rtbf-mise-gros-sur-the-dancer-belgique-tout-ce-quil-faut-savoir-sur-cette-emission-a-mi-chemin-entre-the-voice-et-incroyable-talent-KJSAHC3WANASRM3LV4R4KKGJGA\/\" target=\"_self\" rel=\"nofollow noopener\">The Dancer\u00a0\u00bb <\/a>et \u00ab\u00a0Les Associ\u00e9s\u00a0\u00bb, deux formats qui lui avaient permis de se rapprocher du public autrement que par les rendez-vous d&rsquo;information du matin.<\/p>\n","protected":false},"excerpt":{"rendered":"\u00ab\u00a0Ne donnez jamais vos coordonn\u00e9es t\u00e9l\u00e9phoniques ou bancaires\u00a0\u00bb : Sara De Paduwa alerte les internautes Elle retrouvera finalement&hellip;\n","protected":false},"author":2,"featured_media":226069,"comment_status":"","ping_status":"","sticky":false,"template":"","format":"standard","meta":{"footnotes":"","_share_on_mastodon":"0"},"categories":[15],"tags":[20801,449,158,157,113,112,50472,50473,14480,50474,20443,43004,159,12673,50475,3405,17853,2985,23,142],"class_list":["post-226068","post","type-post","status-publish","format-standard","has-post-thumbnail","category-people","tag-philip_reynaers-famille-royale","tag-449","tag-celebrities","tag-celebrity","tag-divertissement","tag-entertainment","tag-evere","tag-hq","tag-journalisme","tag-koninging-mathilde","tag-koninklijke-familie","tag-media-square","tag-people","tag-philip-reynaers","tag-qg","tag-reine","tag-royals","tag-rtbf","tag-suisse","tag-television"],"share_on_mastodon":{"url":"https:\/\/pubeurope.com\/@ch_fr\/116953995508635208","error":""},"_links":{"self":[{"href":"https:\/\/www.europesays.com\/ch-fr\/wp-json\/wp\/v2\/posts\/226068","targetHints":{"allow":["GET"]}}],"collection":[{"href":"https:\/\/www.europesays.com\/ch-fr\/wp-json\/wp\/v2\/posts"}],"about":[{"href":"https:\/\/www.europesays.com\/ch-fr\/wp-json\/wp\/v2\/types\/post"}],"author":[{"embeddable":true,"href":"https:\/\/www.europesays.com\/ch-fr\/wp-json\/wp\/v2\/users\/2"}],"replies":[{"embeddable":true,"href":"https:\/\/www.europesays.com\/ch-fr\/wp-json\/wp\/v2\/comments?post=226068"}],"version-history":[{"count":0,"href":"https:\/\/www.europesays.com\/ch-fr\/wp-json\/wp\/v2\/posts\/226068\/revisions"}],"wp:featuredmedia":[{"embeddable":true,"href":"https:\/\/www.europesays.com\/ch-fr\/wp-json\/wp\/v2\/media\/226069"}],"wp:attachment":[{"href":"https:\/\/www.europesays.com\/ch-fr\/wp-json\/wp\/v2\/media?parent=226068"}],"wp:term":[{"taxonomy":"category","embeddable":true,"href":"https:\/\/www.europesays.com\/ch-fr\/wp-json\/wp\/v2\/categories?post=226068"},{"taxonomy":"post_tag","embeddable":true,"href":"https:\/\/www.europesays.com\/ch-fr\/wp-json\/wp\/v2\/tags?post=226068"}],"curies":[{"name":"wp","href":"https:\/\/api.w.org\/{rel}","templated":true}]}}