{"id":227262,"date":"2026-07-21T17:43:14","date_gmt":"2026-07-21T17:43:14","guid":{"rendered":"https:\/\/www.europesays.com\/ch-fr\/227262\/"},"modified":"2026-07-21T17:43:14","modified_gmt":"2026-07-21T17:43:14","slug":"a-gaza-la-varicelle-de-rouba-raconte-la-vie-des-deplace%c2%b7es","status":"publish","type":"post","link":"https:\/\/www.europesays.com\/ch-fr\/227262\/","title":{"rendered":"A Gaza, la varicelle de Rouba raconte la vie des d\u00e9plac\u00e9\u00b7es"},"content":{"rendered":"<p>Dans sa tente \u00e0 Gaza-ville, Rouba Saadeh, les jambes couvertes de v\u00e9sicules, lutte pour ne pas se gratter: une flamb\u00e9e de varicelle se propage dans les camps de d\u00e9plac\u00e9\u00b7es du territoire palestinien d\u00e9vast\u00e9, aux conditions d\u2019hygi\u00e8ne d\u00e9sastreuses. Dans l\u2019abri familial de fortune, la fillette de huit ans supporte tant bien que mal la chaleur \u00e9touffante [\u2026]<\/p>\n","protected":false},"excerpt":{"rendered":"Dans sa tente \u00e0 Gaza-ville, Rouba Saadeh, les jambes couvertes de v\u00e9sicules, lutte pour ne pas se gratter:&hellip;\n","protected":false},"author":2,"featured_media":227263,"comment_status":"","ping_status":"","sticky":false,"template":"","format":"standard","meta":{"footnotes":"","_share_on_mastodon":"0"},"categories":[4],"tags":[22,50625,14336,21,84,23],"class_list":["post-227262","post","type-post","status-publish","format-standard","has-post-thumbnail","category-actualites","tag-actualites","tag-crise-humanitaire","tag-crise-sanitaire","tag-news","tag-sante","tag-suisse"],"share_on_mastodon":{"url":"https:\/\/pubeurope.com\/@ch_fr\/116959209321365912","error":""},"_links":{"self":[{"href":"https:\/\/www.europesays.com\/ch-fr\/wp-json\/wp\/v2\/posts\/227262","targetHints":{"allow":["GET"]}}],"collection":[{"href":"https:\/\/www.europesays.com\/ch-fr\/wp-json\/wp\/v2\/posts"}],"about":[{"href":"https:\/\/www.europesays.com\/ch-fr\/wp-json\/wp\/v2\/types\/post"}],"author":[{"embeddable":true,"href":"https:\/\/www.europesays.com\/ch-fr\/wp-json\/wp\/v2\/users\/2"}],"replies":[{"embeddable":true,"href":"https:\/\/www.europesays.com\/ch-fr\/wp-json\/wp\/v2\/comments?post=227262"}],"version-history":[{"count":0,"href":"https:\/\/www.europesays.com\/ch-fr\/wp-json\/wp\/v2\/posts\/227262\/revisions"}],"wp:featuredmedia":[{"embeddable":true,"href":"https:\/\/www.europesays.com\/ch-fr\/wp-json\/wp\/v2\/media\/227263"}],"wp:attachment":[{"href":"https:\/\/www.europesays.com\/ch-fr\/wp-json\/wp\/v2\/media?parent=227262"}],"wp:term":[{"taxonomy":"category","embeddable":true,"href":"https:\/\/www.europesays.com\/ch-fr\/wp-json\/wp\/v2\/categories?post=227262"},{"taxonomy":"post_tag","embeddable":true,"href":"https:\/\/www.europesays.com\/ch-fr\/wp-json\/wp\/v2\/tags?post=227262"}],"curies":[{"name":"wp","href":"https:\/\/api.w.org\/{rel}","templated":true}]}}