{"id":228668,"date":"2026-07-22T17:17:11","date_gmt":"2026-07-22T17:17:11","guid":{"rendered":"https:\/\/www.europesays.com\/ch-fr\/228668\/"},"modified":"2026-07-22T17:17:11","modified_gmt":"2026-07-22T17:17:11","slug":"jessica-morgan-nommee-a-la-direction-de-la-tate","status":"publish","type":"post","link":"https:\/\/www.europesays.com\/ch-fr\/228668\/","title":{"rendered":"Jessica Morgan nomm\u00e9e \u00e0 la direction de la Tate"},"content":{"rendered":"<p>\n    Cette Britannique, qui a fait une grande partie de sa carri\u00e8re aux \u00c9tats-Unis, succ\u00e9dera \u00e0 Maria Balshaw le 1er janvier 2027.<\/p>\n<p class=\"fig-paragraph\">C\u2019est une rumeur tenace, depuis bien avant la derni\u00e8re\u00a0<a href=\"http:\/\/www.lefigaro.fr\/culture\/la-61e-biennale-de-venise-l-art-malgre-tout-20260508\" data-fig-type=\"Article\" data-gtm-custom-categorie=\"navigation\" data-gtm-custom-action=\"crossclick\" data-gtm-custom-label=\"Contextuel\" data-gtm-event=\"customEventSPE\" data-fig-domain=\"LEFIGARO\" rel=\"nofollow noopener\" target=\"_blank\">Biennale de Venise<\/a>, qui prend une couleur officielle. N\u00e9e en 1968 \u00e0 Londres, Jessica Morgan, directrice de Dia Art Foundation \u00e0 Beacon, sanctuaire du minimalisme au nord de New York, vient officiellement d\u2019\u00eatre nomm\u00e9e directrice de\u00a0<a href=\"http:\/\/www.lefigaro.fr\/arts-expositions\/le-phenomene-est-ne-de-facon-posthume-a-londres-frida-kahlo-est-plus-vivante-que-jamais-20260629\" data-fig-type=\"Article\" data-gtm-custom-categorie=\"navigation\" data-gtm-custom-action=\"crossclick\" data-gtm-custom-label=\"Contextuel\" data-gtm-event=\"customEventSPE\" data-fig-domain=\"LEFIGARO\" rel=\"nofollow noopener\" target=\"_blank\">la Tate<\/a>\u00a0\u00e0 Londres. Cette nomination tr\u00e8s attendue &#8211;\u00a0et dans l\u2019ensemble plut\u00f4t appr\u00e9ci\u00e9e\u00a0&#8211; a \u00e9t\u00e9 approuv\u00e9e par le premier ministre britannique sortant,<a href=\"https:\/\/photo.lefigaro.fr\/international\/andy-burnham-succede-a-keir-starmer-au-poste-de-premier-ministre-britannique-20260720\" data-fig-type=\"SlideShowResource\" data-gtm-custom-categorie=\"navigation\" data-gtm-custom-action=\"crossclick\" data-gtm-custom-label=\"Contextuel\" data-gtm-event=\"customEventSPE\" data-fig-domain=\"LEFIGARO\" rel=\"nofollow noopener\" target=\"_blank\">\u00a0Sir Keir Starmer<\/a>. Jessica Morgan devient ainsi la dixi\u00e8me personne \u00e0 prendre ce poste prestigieux et entrera en fonction le 1er janvier 2027. Fine et pleine d\u2019esprit, les yeux p\u00e9tillants et le discours limpide, Jessica Morgan est r\u00e9put\u00e9e pour \u00eatre une disciple de l\u2019ancien directeur mythique de la Tate,\u00a0<a href=\"https:\/\/www.lefigaro.fr\/culture\/2009\/10\/15\/03004-20091015ARTFIG00453-sir-nicholas-serota-.php\" data-fig-type=\"Article\" data-gtm-custom-categorie=\"navigation\" data-gtm-custom-action=\"crossclick\" data-gtm-custom-label=\"Contextuel\" data-gtm-event=\"customEventSPE\" data-fig-domain=\"LEFIGARO\" rel=\"nofollow noopener\" target=\"_blank\">Sir Nicholas Serota<\/a>.<\/p>\n<p class=\"fig-paragraph\">Elle dirige depuis 2015 la Dia Art Foundation o\u00f9 les installations monumentales sont la cons\u00e9cration des artistes, de l\u2019Am\u00e9ricain<a href=\"http:\/\/www.lefigaro.fr\/arts-expositions\/mort-de-richard-serra-le-geant-de-la-sculpture-americaine-20240327\" data-fig-type=\"NewsFlash\" data-gtm-custom-categorie=\"navigation\" data-gtm-custom-action=\"crossclick\" data-gtm-custom-label=\"Contextuel\" data-gtm-event=\"customEventSPE\" data-fig-domain=\"LEFIGARO\" rel=\"nofollow noopener\" target=\"_blank\">\u00a0Richard Serr<\/a>a au Cor\u00e9en\u00a0<a href=\"https:\/\/www.lefigaro.fr\/arts-expositions\/lee-ufan-a-l-ecole-des-choses-20231125\" data-fig-type=\"Article\" data-gtm-custom-categorie=\"navigation\" data-gtm-custom-action=\"crossclick\" data-gtm-custom-label=\"Contextuel\" data-gtm-event=\"customEventSPE\" data-fig-domain=\"LEFIGARO\" rel=\"nofollow noopener\" target=\"_blank\">Lee Ufan<\/a>. Elle y a \u00e9largi les expositions monographiques \u00e0 Agnes Martin, Meg Webster\u2026<\/p>\n<p class=\"fig-premium-paywall__infos\">\n        Cet article est r\u00e9serv\u00e9 aux abonn\u00e9s.        Il vous reste 73% \u00e0 d\u00e9couvrir.\n    <\/p>\n<p>                <img  data- alt=\"Le Figaro\" class=\"fig-img--complete fig-img\"\/><\/p>\n<p class=\"fig-premium-paywall__title\">Vous avez envie de lire la suite ?<\/p>\n<p class=\"fig-premium-paywall__subtitle\">D\u00e9bloquez tous les articles imm\u00e9diatement.<\/p>\n<p class=\"fig-premium-paywall__connect\">\n                D\u00e9j\u00e0 abonn\u00e9\u00a0?                <a class=\"fig-premium-paywall__connect-link\" href=\"https:\/\/connect.lefigaro.fr\/login?client=horizon_web&amp;type=main&amp;redirect_uri=https%3A%2F%2Fwww.lefigaro.fr%2Farts-expositions%2Fjessica-morgan-nommee-a-la-direction-de-la-tate-20260722\" data-js-gtm=\"{&quot;event&quot;:&quot;customEventGA4&quot;,&quot;eventName&quot;:&quot;click_action&quot;,&quot;feature&quot;:&quot;paywall&quot;,&quot;location&quot;:&quot;paywall&quot;,&quot;button_action&quot;:&quot;connect&quot;,&quot;click_text&quot;:&quot;Connectez-vous&quot;}\" rel=\"nofollow noopener\" target=\"_blank\"><br \/>\n                    Connectez-vous<br \/>\n                <\/a>\n            <\/p>\n","protected":false},"excerpt":{"rendered":"Cette Britannique, qui a fait une grande partie de sa carri\u00e8re aux \u00c9tats-Unis, succ\u00e9dera \u00e0 Maria Balshaw le&hellip;\n","protected":false},"author":2,"featured_media":228669,"comment_status":"","ping_status":"","sticky":false,"template":"","format":"standard","meta":{"footnotes":"","_share_on_mastodon":"0"},"categories":[15],"tags":[4978,1434,158,157,113,112,360,2895,159,23,50868],"class_list":["post-228668","post","type-post","status-publish","format-standard","has-post-thumbnail","category-people","tag-art-contemporain","tag-art-moderne","tag-celebrities","tag-celebrity","tag-divertissement","tag-entertainment","tag-londres","tag-new-york","tag-people","tag-suisse","tag-tate"],"share_on_mastodon":{"url":"https:\/\/pubeurope.com\/@ch_fr\/116964769670305044","error":""},"_links":{"self":[{"href":"https:\/\/www.europesays.com\/ch-fr\/wp-json\/wp\/v2\/posts\/228668","targetHints":{"allow":["GET"]}}],"collection":[{"href":"https:\/\/www.europesays.com\/ch-fr\/wp-json\/wp\/v2\/posts"}],"about":[{"href":"https:\/\/www.europesays.com\/ch-fr\/wp-json\/wp\/v2\/types\/post"}],"author":[{"embeddable":true,"href":"https:\/\/www.europesays.com\/ch-fr\/wp-json\/wp\/v2\/users\/2"}],"replies":[{"embeddable":true,"href":"https:\/\/www.europesays.com\/ch-fr\/wp-json\/wp\/v2\/comments?post=228668"}],"version-history":[{"count":0,"href":"https:\/\/www.europesays.com\/ch-fr\/wp-json\/wp\/v2\/posts\/228668\/revisions"}],"wp:featuredmedia":[{"embeddable":true,"href":"https:\/\/www.europesays.com\/ch-fr\/wp-json\/wp\/v2\/media\/228669"}],"wp:attachment":[{"href":"https:\/\/www.europesays.com\/ch-fr\/wp-json\/wp\/v2\/media?parent=228668"}],"wp:term":[{"taxonomy":"category","embeddable":true,"href":"https:\/\/www.europesays.com\/ch-fr\/wp-json\/wp\/v2\/categories?post=228668"},{"taxonomy":"post_tag","embeddable":true,"href":"https:\/\/www.europesays.com\/ch-fr\/wp-json\/wp\/v2\/tags?post=228668"}],"curies":[{"name":"wp","href":"https:\/\/api.w.org\/{rel}","templated":true}]}}