{"id":228674,"date":"2026-07-22T17:21:13","date_gmt":"2026-07-22T17:21:13","guid":{"rendered":"https:\/\/www.europesays.com\/ch-fr\/228674\/"},"modified":"2026-07-22T17:21:13","modified_gmt":"2026-07-22T17:21:13","slug":"du-changement-sur-les-ondes-radio-france-change-de-frequences-fm-stations-concernees-et-consequences","status":"publish","type":"post","link":"https:\/\/www.europesays.com\/ch-fr\/228674\/","title":{"rendered":"Du changement sur les ondes\u00a0: Radio France change de fr\u00e9quences FM, stations concern\u00e9es et cons\u00e9quences"},"content":{"rendered":"\n<p>Du changement sur les ondes <a href=\"https:\/\/www.courrier-picard.fr\/2280\/iptc\/radio\" target=\"_blank\" rel=\"nofollow noopener\">radio<\/a>. Si vous \u00eates de ceux qui \u00e9coutent la radio \u00e0 la radio, et non sur Internet et en DAB+, attention\u00a0! Mercredi 22 juillet 2026, une partie des fr\u00e9quences FM de France radio \u00e9volue. Toutes les stations ne sont pas concern\u00e9es, seuls certains territoires sont impact\u00e9s. Quelles zones et quelles radios\u00a0? On fait le point.<\/p>\n<p>&#13;<br \/>\n&#13;<\/p>\n<p>&#13;<br \/>\n&#13;<\/p>\n<p>  Quelles radios sont concern\u00e9es\u00a0?<\/p>\n<p>L\u2019\u00e9volution concerne plusieurs radios du groupe Radio France\u00a0: France musique, les <a href=\"https:\/\/www.courrier-picard.fr\/id595389\/article\/2025-01-10\/france-bleu-picardie-devenue-ici-picardie-mise-sur-la-proximite\" target=\"_blank\" rel=\"nofollow noopener\">cha\u00eenes locales d\u2019Ici<\/a> (ex-France bleu) et franceinfo notamment.<\/p>\n<p>&#13;<br \/>\n&#13;<\/p>\n<p>Le changement concerne aussi France Inter et France Culture, mais de fa\u00e7on plus marginale, indique le groupe.<\/p>\n<p>\n    <a href=\"https:\/\/www.courrier-picard.fr\/id733901\/article\/2026-07-20\/de-boston-au-plateau-picard-un-podcasteur-americain-sur-les-traces-des-batailles\" class=\"r-stories-image-link\" rel=\"nofollow noopener\" target=\"_blank\"><\/p>\n<p>  <img decoding=\"async\" class=\"r-img\"  typeof=\"foaf:Image\" src=\"https:\/\/www.europesays.com\/ch-fr\/wp-content\/uploads\/2026\/07\/92469556.jpeg\" alt=\"Mike Cunha (au centre) et son ami Emile (\u00e0 g.) ont pu b\u00e9n\u00e9ficier des connaissances de l\u2019historien local Bruno Jurkiewicz.\"\/><br \/>\n  <\/a><\/p>\n<p>    \u00c0 lire aussi<\/p>\n<p>        <a href=\"https:\/\/www.courrier-picard.fr\/id733901\/article\/2026-07-20\/de-boston-au-plateau-picard-un-podcasteur-americain-sur-les-traces-des-batailles\" class=\"r-stories--link\" rel=\"nofollow noopener\" target=\"_blank\">De Boston au Plateau picard\u00a0: un podcasteur am\u00e9ricain sur les traces des batailles de la Grande Guerre<\/a><\/p>\n<p>Pourquoi ce changement\u00a0?<\/p>\n<p>L\u2019objectif est officiellement double, selon Radio France\u00a0:<\/p>\n<p>\u00ab\u00a0renforcer l\u2019acc\u00e8s des Fran\u00e7ais \u00e0 l\u2019information de service public en proposant nos radios franceinfo et ICI dans des zones o\u00f9 ces radios n\u2019\u00e9mettaient pas jusqu\u2019ici\u00a0\u00bb\u00ab\u00a0offrir une qualit\u00e9 d\u2019\u00e9coute optimale aux auditeurs de France Musique et accompagner la transition <a href=\"https:\/\/www.courrier-picard.fr\/id377077\/article\/2023-01-09\/la-radio-numerique-debarque-amiens\" target=\"_blank\" rel=\"nofollow noopener\">vers les nouveaux modes d\u2019\u00e9coute de la radio<\/a>\u00a0\u00bb<\/p>\n<p>Mais il est aussi, et surtout, \u00e9conomique. Radio France doit faire des \u00e9conomies. En se s\u00e9parant de quelque 300 fr\u00e9quences FM (12\u00a0% de son parc), le groupe esp\u00e8re faire 3,9 millions d\u2019euros d\u2019\u00e9conomies par an.<\/p>\n<p>&#13;<br \/>\n&#13;<\/p>\n<p>&#13;<br \/>\n&#13;<\/p>\n<p>&#13;<br \/>\n&#13;<\/p>\n<p>&#13;<br \/>\n&#13;<br \/>\nQu\u2019est-ce que \u00e7a change\u00a0?<\/p>\n<p>Dans certaines communes, il va falloir ajuster la fr\u00e9quence \u00e9videmment. Mais pas seulement.<\/p>\n<p>C\u2019est un jeu de chaises musicales qui s\u2019op\u00e8re. Des radios du groupe vont intervertir leur fr\u00e9quence pour donner plus de place \u00e0 franceinfo et Ici et ainsi mailler le territoire. Au final, c\u2019est France Musique qui trinque. \u00ab\u00a0Dans certaines zones\u00a0\u00bb, <a href=\"https:\/\/www.courrier-picard.fr\/id707968\/article\/2026-04-01\/radio-france-musique-quitte-la-fm-et-passe-au-numerique-ce-quil-faut-savoir\" target=\"_blank\" rel=\"nofollow noopener\">France Musique<\/a> ne sera en effet plus disponible via la FM. Pour continuer \u00e0 \u00e9couter les programmes de France Musique, il faudra alors passer au DAB+ ou alors aller sur le site ou l\u2019application Radio France.<\/p>\n<p>Quels territoires sont concern\u00e9s\u00a0?<\/p>\n<p>Le groupe Radio France a cr\u00e9\u00e9 <a href=\"https:\/\/www.radiofrance.com\/frequences\" target=\"_blank\" rel=\"nofollow noopener\">un outil<\/a> pour savoir si vous \u00eates concern\u00e9 par ces changements de fr\u00e9quences FM. Il suffit d\u2019indiquer sa ville d\u2019\u00e9coute pour savoir si vous devez ajuster votre fr\u00e9quence, radio par radio. Pratique\u2026 quand \u00e7a marche. Nous avons test\u00e9 ce mercredi matin, mais c\u2019est un \u00e9chec, le sablier qui mouline n\u2019en finissait plus de mouliner.<\/p>\n<p>&#13;<br \/>\n&#13;<\/p>\n<p>&#13;<br \/>\n&#13;<\/p>\n<p>\n    <a href=\"https:\/\/www.courrier-picard.fr\/id734162\/article\/2026-07-22\/mon-adn-cest-le-rap-juste-shani-au-festival-baie-sonore-cayeux-sur-mer\" class=\"r-stories-image-link\" rel=\"nofollow noopener\" target=\"_blank\"><\/p>\n<p>  <img decoding=\"async\" data-copyright=\"PIERRE DASCHIER\" class=\"r-img\"  typeof=\"foaf:Image\" src=\"https:\/\/www.europesays.com\/ch-fr\/wp-content\/uploads\/2026\/07\/88669078.jpeg\" alt=\"Juste Shani consacre tout son temps \u00e0 sa carri\u00e8re depuis 2023. Elle est pr\u00e9sente sur de nombreux festivals cet \u00e9t\u00e9 et a entam\u00e9 sa premi\u00e8re grande tourn\u00e9e internationale. (photo Pierre Daschier)\"\/><br \/>\n  <\/a><\/p>\n<p>    \u00c0 lire aussi<\/p>\n<p>        <a href=\"https:\/\/www.courrier-picard.fr\/id734162\/article\/2026-07-22\/mon-adn-cest-le-rap-juste-shani-au-festival-baie-sonore-cayeux-sur-mer\" class=\"r-stories--link\" rel=\"nofollow noopener\" target=\"_blank\">\u00ab\u00a0Mon ADN, c\u2019est le rap\u00a0\u00bb\u00a0: \u00a0Juste Shani au festival Baie sonore \u00e0 Cayeux-sur-Mer<\/a><\/p>\n<p><a href=\"https:\/\/www.courrier-picard.fr\/id732616\/article\/2026-07-14\/une-nouvelle-frequence-pour-france-inter-dans-le-compiegnois-et-le-valois\" target=\"_blank\" rel=\"nofollow noopener\">Dans le Compi\u00e9gnois et le Valois<\/a>, il faudra en tout cas changer de fr\u00e9quence pour \u00e9couter France Inter\u00a0: 108 communes pr\u00e9cis\u00e9ment sont concern\u00e9es.<\/p>\n<p>Pour la locale Ici, pas de changement en Picardie.<\/p>\n<p>Par ailleurs, le Mouv\u2019, radio rap et <a href=\"https:\/\/www.courrier-picard.fr\/id692156\/article\/2026-01-26\/le-hip-hop-comme-moyen-dexpression-la-bibliotheque-municipale-de-la-chapelette\" target=\"_blank\" rel=\"nofollow noopener\">hip-hop<\/a> de Radio France, quittera la FM le 31 ao\u00fbt pour devenir \u00e0 100\u00a0% num\u00e9rique.<\/p>\n<p>Signe qu\u2019il s\u2019agit d\u2019une petite r\u00e9volution tout de m\u00eame pour la FM, une assistance t\u00e9l\u00e9phonique gratuite est mise en place (01 86 86 20 30, du lundi au vendredi et le week-end du 25\/26 juillet de 9 \u00e0 17h).<\/p>\n","protected":false},"excerpt":{"rendered":"Du changement sur les ondes radio. Si vous \u00eates de ceux qui \u00e9coutent la radio \u00e0 la radio,&hellip;\n","protected":false},"author":2,"featured_media":228675,"comment_status":"","ping_status":"","sticky":false,"template":"","format":"standard","meta":{"footnotes":"","_share_on_mastodon":"0"},"categories":[12],"tags":[113,112,30,140,141,34152,23],"class_list":["post-228674","post","type-post","status-publish","format-standard","has-post-thumbnail","category-musique","tag-divertissement","tag-entertainment","tag-france","tag-music","tag-musique","tag-picardie","tag-suisse"],"share_on_mastodon":{"url":"https:\/\/pubeurope.com\/@ch_fr\/116964785749886134","error":""},"_links":{"self":[{"href":"https:\/\/www.europesays.com\/ch-fr\/wp-json\/wp\/v2\/posts\/228674","targetHints":{"allow":["GET"]}}],"collection":[{"href":"https:\/\/www.europesays.com\/ch-fr\/wp-json\/wp\/v2\/posts"}],"about":[{"href":"https:\/\/www.europesays.com\/ch-fr\/wp-json\/wp\/v2\/types\/post"}],"author":[{"embeddable":true,"href":"https:\/\/www.europesays.com\/ch-fr\/wp-json\/wp\/v2\/users\/2"}],"replies":[{"embeddable":true,"href":"https:\/\/www.europesays.com\/ch-fr\/wp-json\/wp\/v2\/comments?post=228674"}],"version-history":[{"count":0,"href":"https:\/\/www.europesays.com\/ch-fr\/wp-json\/wp\/v2\/posts\/228674\/revisions"}],"wp:featuredmedia":[{"embeddable":true,"href":"https:\/\/www.europesays.com\/ch-fr\/wp-json\/wp\/v2\/media\/228675"}],"wp:attachment":[{"href":"https:\/\/www.europesays.com\/ch-fr\/wp-json\/wp\/v2\/media?parent=228674"}],"wp:term":[{"taxonomy":"category","embeddable":true,"href":"https:\/\/www.europesays.com\/ch-fr\/wp-json\/wp\/v2\/categories?post=228674"},{"taxonomy":"post_tag","embeddable":true,"href":"https:\/\/www.europesays.com\/ch-fr\/wp-json\/wp\/v2\/tags?post=228674"}],"curies":[{"name":"wp","href":"https:\/\/api.w.org\/{rel}","templated":true}]}}