{"id":230066,"date":"2026-07-23T19:57:33","date_gmt":"2026-07-23T19:57:33","guid":{"rendered":"https:\/\/www.europesays.com\/ch-fr\/230066\/"},"modified":"2026-07-23T19:57:33","modified_gmt":"2026-07-23T19:57:33","slug":"europa-league-saint-gall-bat-le-benfica-lisbonne-2-1","status":"publish","type":"post","link":"https:\/\/www.europesays.com\/ch-fr\/230066\/","title":{"rendered":"Europa League: Saint-Gall bat le Benfica Lisbonne 2-1"},"content":{"rendered":"<p>  <a class=\"article-swisstxt-event update-immediately\" data-item-id=\"module_link\" data-item-title=\"Saint-Gall - Benfica Lisbonne\" href=\"https:\/\/www.rts.ch\/sport\/resultats\/#\/live\/football\/1845174\" rel=\"nofollow noopener\" target=\"_blank\">             <\/p>\n<p> Saint-Gall <\/p>\n<p>     2 &#8211; 1     <\/p>\n<p> Benfica Lisbonne <\/p>\n<p>        <\/a>  <\/p>\n<p>Saint-Gall a r\u00e9ussi un joli exploit au 2e tour des qualifications pour l&rsquo;Europa League. Les Brodeurs ont battu le Benfica Lisbonne 2-1 \u00e0 domicile gr\u00e2ce \u00e0 des buts de Balde (37e) et Gaal (80e). Les Portugais avaient r\u00e9duit la marque par Silva \u00e0 la 44e, mais n&rsquo;ont jamais plus trouv\u00e9 la faille face au portier Zigi.<\/p>\n<p>   Publi\u00e9  \u00e0 21:51   Modifi\u00e9  \u00e0 21:55  <\/p>\n<p>                       <a class=\"article-swisstxt-event update-immediately\" data-item-id=\"teaser\" data-item-title=\"Saint-Gall - Benfica Lisbonne\" href=\"https:\/\/www.rts.ch\/sport\/resultats\/#\/live\/football\/1845174\" rel=\"nofollow noopener\" target=\"_blank\">             <\/p>\n<p> Saint-Gall <\/p>\n<p>     2 &#8211; 1     <\/p>\n<p> Benfica Lisbonne <\/p>\n<p>        <\/a>  <\/p>\n<p>   1-1  1-0   <\/p>\n<p> 37&prime; Bald\u00e9   1-0 <\/p>\n<p> 80&prime; Gaal   2-1 <\/p>\n<p>           \u00c9quipes     <\/p>\n<p> Ati Zigi <\/p>\n<p> Gaal <\/p>\n<p> Stanic <\/p>\n<p> Okoroji <\/p>\n<p> Vandermersch <\/p>\n<p> Daschner <\/p>\n<p> Stevanovic <\/p>\n<p> G\u00f6rtler <\/p>\n<p> Boukhalfa <\/p>\n<p> Witzig <\/p>\n<p> Bald\u00e9 <\/p>\n<p> Watkowiak <\/p>\n<p> Besio <\/p>\n<p> Fazliji <\/p>\n<p> Frokaj <\/p>\n<p> Heydari <\/p>\n<p> Hunziker <\/p>\n<p> Konietzke <\/p>\n<p> Owusu <\/p>\n<p> Ruiz <\/p>\n<p> Trubin <\/p>\n<p> Bah <\/p>\n<p> Lenglet <\/p>\n<p> Silva <\/p>\n<p> Dahl <\/p>\n<p> Manu <\/p>\n<p> Kaminski <\/p>\n<p> Figueiredo <\/p>\n<p> Sudakov <\/p>\n<p> Rafa <\/p>\n<p> Pavlidis <\/p>\n<p> Soares <\/p>\n<p> Araujo <\/p>\n<p> Barrenechea <\/p>\n<p> Cabral <\/p>\n<p> Dedic <\/p>\n<p> Gouveia <\/p>\n<p> Ivanovic <\/p>\n<p> Moreira <\/p>\n<p> Neto <\/p>\n<p> Rego <\/p>\n<p> Silva <\/p>\n<p>          Cartons <\/p>\n<p>   30&prime; G\u00f6rtler   62&prime; Stanic   90&rsquo;+4 Gaal  <\/p>\n<p>   65&prime; Pavlidis  <\/p>\n","protected":false},"excerpt":{"rendered":"Saint-Gall 2 &#8211; 1 Benfica Lisbonne Saint-Gall a r\u00e9ussi un joli exploit au 2e tour des qualifications pour&hellip;\n","protected":false},"author":2,"featured_media":230067,"comment_status":"","ping_status":"","sticky":false,"template":"","format":"standard","meta":{"footnotes":"","_share_on_mastodon":"0"},"categories":[8],"tags":[51019,51020,901,1184,51021,912,182,29929,466,913,51022,7991,186,75,23],"class_list":["post-230066","post","type-post","status-publish","format-standard","has-post-thumbnail","category-sports","tag-aliou-balde","tag-benfica-lisbonne","tag-competition-de-qualification","tag-europa-league","tag-europa-league-2e-tour-qualificatif-tour-qualificatif-aller","tag-fc-st-gall","tag-football","tag-portugais","tag-rts-sport","tag-saint-gall","tag-saint-gall-benfica-lisbonne","tag-sl-benfica","tag-sport","tag-sports","tag-suisse"],"share_on_mastodon":{"url":"https:\/\/pubeurope.com\/@ch_fr\/116971061035349312","error":""},"_links":{"self":[{"href":"https:\/\/www.europesays.com\/ch-fr\/wp-json\/wp\/v2\/posts\/230066","targetHints":{"allow":["GET"]}}],"collection":[{"href":"https:\/\/www.europesays.com\/ch-fr\/wp-json\/wp\/v2\/posts"}],"about":[{"href":"https:\/\/www.europesays.com\/ch-fr\/wp-json\/wp\/v2\/types\/post"}],"author":[{"embeddable":true,"href":"https:\/\/www.europesays.com\/ch-fr\/wp-json\/wp\/v2\/users\/2"}],"replies":[{"embeddable":true,"href":"https:\/\/www.europesays.com\/ch-fr\/wp-json\/wp\/v2\/comments?post=230066"}],"version-history":[{"count":0,"href":"https:\/\/www.europesays.com\/ch-fr\/wp-json\/wp\/v2\/posts\/230066\/revisions"}],"wp:featuredmedia":[{"embeddable":true,"href":"https:\/\/www.europesays.com\/ch-fr\/wp-json\/wp\/v2\/media\/230067"}],"wp:attachment":[{"href":"https:\/\/www.europesays.com\/ch-fr\/wp-json\/wp\/v2\/media?parent=230066"}],"wp:term":[{"taxonomy":"category","embeddable":true,"href":"https:\/\/www.europesays.com\/ch-fr\/wp-json\/wp\/v2\/categories?post=230066"},{"taxonomy":"post_tag","embeddable":true,"href":"https:\/\/www.europesays.com\/ch-fr\/wp-json\/wp\/v2\/tags?post=230066"}],"curies":[{"name":"wp","href":"https:\/\/api.w.org\/{rel}","templated":true}]}}