{"id":231924,"date":"2026-07-25T09:59:14","date_gmt":"2026-07-25T09:59:14","guid":{"rendered":"https:\/\/www.europesays.com\/ch-fr\/231924\/"},"modified":"2026-07-25T09:59:14","modified_gmt":"2026-07-25T09:59:14","slug":"la-calade-de-la-fontville-chemin-pietonnier-historique-a-miramas-le-vieux-se-remet-en-forme","status":"publish","type":"post","link":"https:\/\/www.europesays.com\/ch-fr\/231924\/","title":{"rendered":"La Calade de la Fontville, chemin pi\u00e9tonnier historique \u00e0 Miramas-le-Vieux, se remet en forme"},"content":{"rendered":"<p>Depuis plusieurs ann\u00e9es, le conservatoire du littoral, propri\u00e9taire de la poudrerie, g\u00e9r\u00e9e par le Sianpou (syndicat intercommunal de l\u2019ancienne poudrerie) et l\u2019association <a href=\"https:\/\/www.laprovence.com\/article\/ecoplanete\/21300870377191\/a-goult-de-jeunes-benevoles-du-monde-entier-ont-realise-la-calade-de-la-roche-redonne\" target=\"_self\" rel=\"nofollow noopener\">Opus<\/a> (Agir pour le patrimoine et l\u2019environnement), anciennement Apare, m\u00e8nent des actions de restaurations dans la poudrerie\u00a0: lavoir, canaux, chapelle.<\/p>\n<p>Cette ann\u00e9e, l\u2019association Opus va mener deux chantiers. Un premier en juillet \u00e0 <a href=\"https:\/\/www.laprovence.com\/bouches-du-rhone\/miramas-13063\/page-2\" target=\"_self\" rel=\"nofollow noopener\">Miramas-le-Vieux<\/a>. Un second en ao\u00fbt dans la poudrerie, sur le dernier tron\u00e7on de 40 m\u00e8tres d\u2019un mur, terminant ainsi la remise en \u00e9tat de l\u2019ouvrage hydraulique, jusqu\u2019\u00e0 la grille d\u2019acc\u00e8s au parc de la Poudrerie, c\u00f4t\u00e9 Saint-Chamas. C\u2019est ici qu\u2019il finit.<\/p>\n<p>Jusqu\u2019au 31\u00a0juillet, une dizaine de jeunes b\u00e9n\u00e9voles restaurent la Calade de la Fontville \u00e0 Miramas-le-Vieux. Une voie historique, qui relie le vieux village \u00e0 la chapelle Saint-Vincent. Datant probablement du XIIe\u00a0si\u00e8cle, elle est actuellement situ\u00e9e dans <a href=\"https:\/\/www.laprovence.com\/article\/region\/3525814967644914\/visite-guidee-ancienne-mine-histoire-royale-immersion-dans-le-parc-de-la-poudrerie-de-saint-chamas-miramas\" target=\"_self\" rel=\"nofollow noopener\">la poudrerie<\/a>.<\/p>\n<p>Un savoir-faire ancestral<\/p>\n","protected":false},"excerpt":{"rendered":"Depuis plusieurs ann\u00e9es, le conservatoire du littoral, propri\u00e9taire de la poudrerie, g\u00e9r\u00e9e par le Sianpou (syndicat intercommunal de&hellip;\n","protected":false},"author":2,"featured_media":231925,"comment_status":"","ping_status":"","sticky":false,"template":"","format":"standard","meta":{"footnotes":"","_share_on_mastodon":"0"},"categories":[7],"tags":[449,51492,19556,51493,5603,51495,51494,19555,61,57,59,58,238,23,60,62],"class_list":["post-231924","post","type-post","status-publish","format-standard","has-post-thumbnail","category-sciences-et-technologies","tag-449","tag-calade","tag-chemin","tag-fontville","tag-historique","tag-miramas-le-vieux","tag-pietonnier","tag-remet","tag-science","tag-science-and-technology","tag-sciences","tag-sciences-et-technologies","tag-societe","tag-suisse","tag-technologies","tag-technology"],"share_on_mastodon":{"url":"https:\/\/pubeurope.com\/@ch_fr\/116980034034146139","error":""},"_links":{"self":[{"href":"https:\/\/www.europesays.com\/ch-fr\/wp-json\/wp\/v2\/posts\/231924","targetHints":{"allow":["GET"]}}],"collection":[{"href":"https:\/\/www.europesays.com\/ch-fr\/wp-json\/wp\/v2\/posts"}],"about":[{"href":"https:\/\/www.europesays.com\/ch-fr\/wp-json\/wp\/v2\/types\/post"}],"author":[{"embeddable":true,"href":"https:\/\/www.europesays.com\/ch-fr\/wp-json\/wp\/v2\/users\/2"}],"replies":[{"embeddable":true,"href":"https:\/\/www.europesays.com\/ch-fr\/wp-json\/wp\/v2\/comments?post=231924"}],"version-history":[{"count":0,"href":"https:\/\/www.europesays.com\/ch-fr\/wp-json\/wp\/v2\/posts\/231924\/revisions"}],"wp:featuredmedia":[{"embeddable":true,"href":"https:\/\/www.europesays.com\/ch-fr\/wp-json\/wp\/v2\/media\/231925"}],"wp:attachment":[{"href":"https:\/\/www.europesays.com\/ch-fr\/wp-json\/wp\/v2\/media?parent=231924"}],"wp:term":[{"taxonomy":"category","embeddable":true,"href":"https:\/\/www.europesays.com\/ch-fr\/wp-json\/wp\/v2\/categories?post=231924"},{"taxonomy":"post_tag","embeddable":true,"href":"https:\/\/www.europesays.com\/ch-fr\/wp-json\/wp\/v2\/tags?post=231924"}],"curies":[{"name":"wp","href":"https:\/\/api.w.org\/{rel}","templated":true}]}}