{"id":234417,"date":"2026-07-27T13:17:11","date_gmt":"2026-07-27T13:17:11","guid":{"rendered":"https:\/\/www.europesays.com\/ch-fr\/234417\/"},"modified":"2026-07-27T13:17:11","modified_gmt":"2026-07-27T13:17:11","slug":"plus-belle-la-vie-en-deuil-un-acteur-qui-a-joue-dans-le-feuilleton-est-decede-a-67-ans","status":"publish","type":"post","link":"https:\/\/www.europesays.com\/ch-fr\/234417\/","title":{"rendered":"\u00ab\u00a0Plus belle la vie\u00a0\u00bb en deuil: Un acteur qui a jou\u00e9 dans le feuilleton est d\u00e9c\u00e9d\u00e9 \u00e0 67 ans"},"content":{"rendered":"<p class=\"ap-StoryElement ap-StoryElement--mb ap-StoryText\">Originaire de Toulouse, il avait pos\u00e9 ses valises \u00e0 Marseille, une ville qui a souvent servi de d\u00e9cor aux \u0153uvres auxquelles il participait. Avant de se consacrer au m\u00e9tier d&rsquo;acteur dans les ann\u00e9es 1990, il avait \u00e9t\u00e9 danseur. Ses premiers pas au cin\u00e9ma remontaient aux films Bye-Bye et N\u00e9nette et Boni, avant qu&rsquo;un petit r\u00f4le dans Taxi, en 1998, ne contribue \u00e0 le faire conna\u00eetre d&rsquo;un public plus large.<\/p>\n<p class=\"ap-StoryElement ap-StoryElement--mb ap-StoryText\">Parall\u00e8lement \u00e0 sa carri\u00e8re \u00e0 l&rsquo;\u00e9cran, Christian Mazzuchini entretenait un lien \u00e9troit avec le th\u00e9\u00e2tre. Sa collaboration avec le dramaturge Serge Valletti avait donn\u00e9 naissance \u00e0 treize cr\u00e9ations depuis la fin des ann\u00e9es 1990.<\/p>\n<p><a href=\"https:\/\/www.dhnet.be\/medias\/television\/2026\/05\/15\/humiliations-maltraitance-et-intimidations-la-showrunner-de-plus-belle-la-vie-evincee-XWFXNMETVFCFNOOS67LVE2DGXM\/\" target=\"_self\" class=\"ap-StoryInterstitialLink ap-StoryElement ap-StoryElement--mb\" rel=\"nofollow noopener\">\u00ab\u00a0Humiliations\u00a0\u00bb, \u00ab\u00a0maltraitance\u00a0\u00bb et \u00ab\u00a0intimidations\u00a0\u00bb: la showrunner de \u00ab\u00a0Plus belle la vie\u00a0\u00bb \u00e9vinc\u00e9e<\/a><img decoding=\"async\" src=\"https:\/\/www.europesays.com\/ch-fr\/wp-content\/uploads\/2026\/07\/1785158231_15_hqdefault.webp\" alt=\"De la paille dans ma te\u0302te - YouTube thumbnail\" class=\"lty-thumbnail\" loading=\"lazy\"\/>Watch<\/p>\n<p class=\"ap-StoryElement ap-StoryElement--mb ap-StoryText\">Il \u00e9tait remont\u00e9 sur sc\u00e8ne pour la derni\u00e8re fois en 2018, tandis que sa derni\u00e8re apparition au cin\u00e9ma remontait au film Rapide, sorti en 2024.<\/p>\n<p class=\"ap-StoryElement ap-StoryElement--mb ap-StoryText\">Deux jours avant son d\u00e9c\u00e8s, la soci\u00e9t\u00e9 Zou Ma\u00ef Prod avait indiqu\u00e9 sur Facebook que le com\u00e9dien \u00e9tait en fin de vie, adressant un message de soutien et d&rsquo;affection \u00e0 ses proches.<\/p>\n","protected":false},"excerpt":{"rendered":"Originaire de Toulouse, il avait pos\u00e9 ses valises \u00e0 Marseille, une ville qui a souvent servi de d\u00e9cor&hellip;\n","protected":false},"author":2,"featured_media":234418,"comment_status":"","ping_status":"","sticky":false,"template":"","format":"standard","meta":{"footnotes":"","_share_on_mastodon":"0"},"categories":[15],"tags":[158,157,384,1795,113,112,22568,14305,159,1673,547,23,2448,142],"class_list":["post-234417","post","type-post","status-publish","format-standard","has-post-thumbnail","category-people","tag-celebrities","tag-celebrity","tag-cinema","tag-deces","tag-divertissement","tag-entertainment","tag-feuilleton","tag-pblv","tag-people","tag-plus-belle-la-vie","tag-serie","tag-suisse","tag-taxi","tag-television"],"share_on_mastodon":{"url":"https:\/\/pubeurope.com\/@ch_fr\/116992137708833678","error":""},"_links":{"self":[{"href":"https:\/\/www.europesays.com\/ch-fr\/wp-json\/wp\/v2\/posts\/234417","targetHints":{"allow":["GET"]}}],"collection":[{"href":"https:\/\/www.europesays.com\/ch-fr\/wp-json\/wp\/v2\/posts"}],"about":[{"href":"https:\/\/www.europesays.com\/ch-fr\/wp-json\/wp\/v2\/types\/post"}],"author":[{"embeddable":true,"href":"https:\/\/www.europesays.com\/ch-fr\/wp-json\/wp\/v2\/users\/2"}],"replies":[{"embeddable":true,"href":"https:\/\/www.europesays.com\/ch-fr\/wp-json\/wp\/v2\/comments?post=234417"}],"version-history":[{"count":0,"href":"https:\/\/www.europesays.com\/ch-fr\/wp-json\/wp\/v2\/posts\/234417\/revisions"}],"wp:featuredmedia":[{"embeddable":true,"href":"https:\/\/www.europesays.com\/ch-fr\/wp-json\/wp\/v2\/media\/234418"}],"wp:attachment":[{"href":"https:\/\/www.europesays.com\/ch-fr\/wp-json\/wp\/v2\/media?parent=234417"}],"wp:term":[{"taxonomy":"category","embeddable":true,"href":"https:\/\/www.europesays.com\/ch-fr\/wp-json\/wp\/v2\/categories?post=234417"},{"taxonomy":"post_tag","embeddable":true,"href":"https:\/\/www.europesays.com\/ch-fr\/wp-json\/wp\/v2\/tags?post=234417"}],"curies":[{"name":"wp","href":"https:\/\/api.w.org\/{rel}","templated":true}]}}