{"id":235844,"date":"2026-07-28T12:50:11","date_gmt":"2026-07-28T12:50:11","guid":{"rendered":"https:\/\/www.europesays.com\/ch-fr\/235844\/"},"modified":"2026-07-28T12:50:11","modified_gmt":"2026-07-28T12:50:11","slug":"annemasse-vue-de-lespace-les-images-prises-hier-a-bord-de-la-station-spatiale-internationale","status":"publish","type":"post","link":"https:\/\/www.europesays.com\/ch-fr\/235844\/","title":{"rendered":"Annemasse vue de l\u2019espace\u00a0: les images prises hier \u00e0 bord de la Station spatiale internationale"},"content":{"rendered":"\n<p>Sophie Adenot nous d\u00e9crit\u00a0: \u00ab\u00a0Jour 164, orbite 2543 \u2013 Depuis l\u2019espace, Gen\u00e8ve appara\u00eet comme un point de rencontre entre le bleu du L\u00e9man et les montagnes.\u00a0\u00bb Elle nous explique comment on peut apercevoir le CERN depuis l\u2019orbite de la SSI avec un objectif 800m\u00a0: \u00ab\u00a0cette extraordinaire aventure scientifique rassemble des chercheurs du monde entier pour \u00e9tudier l\u2019infiniment petit et mieux comprendre l\u2019Univers\u00a0\u00bb.<\/p>\n<p>&#13;<br \/>\n&#13;<\/p>\n<p>&#13;<br \/>\n&#13;<\/p>\n<p>\n  <img decoding=\"async\" data-copyright=\"ESA - European Space Agency \/ NASA - National Aeronautics and Space Administration \u2013 S. Adenot\" class=\"r-img\"  typeof=\"foaf:Image\" src=\"https:\/\/www.europesays.com\/ch-fr\/wp-content\/uploads\/2026\/07\/93787253.jpeg\" alt=\"CERN vu depuis la Station spatiale internationale\"\/>CERN vu depuis la Station spatiale internationale &#8211; ESA &#8211; European Space Agency \/ NASA &#8211; National Aeronautics and Space Administration \u2013 S. Adenot\n<\/p>\n<p>\n    <a href=\"https:\/\/www.lemessager.fr\/649355402\/article\/2026-07-15\/cern-au-coeur-des-forages-dans-le-leman-pour-le-futur-collisionneur\" class=\"r-stories-image-link\" rel=\"nofollow noopener\" target=\"_blank\"><\/p>\n<p>  <img decoding=\"async\" class=\"r-img\"  typeof=\"foaf:Image\" src=\"https:\/\/www.europesays.com\/ch-fr\/wp-content\/uploads\/2026\/07\/91170446.jpeg\" alt=\"La foreuse descend \u00e0 plus de 200m sous la surface.\"\/><br \/>\n  <\/a><\/p>\n<p>    \u00c0 lire aussi<\/p>\n<p>        <a href=\"https:\/\/www.lemessager.fr\/649355402\/article\/2026-07-15\/cern-au-coeur-des-forages-dans-le-leman-pour-le-futur-collisionneur\" class=\"r-stories--link\" rel=\"nofollow noopener\" target=\"_blank\">Cern\u00a0: au c\u0153ur des forages dans le L\u00e9man pour le futur collisionneur<\/a><\/p>\n<p>Son exp\u00e9rience \u00e0 l\u2019ESA et la mission Epsilon<\/p>\n<p>S\u00e9lectionn\u00e9e comme astronaute de carri\u00e8re \u00e0 l\u2019ESA (European Space Agency, l\u2019agence spatiale europ\u00e9enne) en novembre 2022, Sophie Adenot a commenc\u00e9 sa formation de base d\u2019un an en avril 2023 et obtenu sa certification d\u2019astronaute au Centre europ\u00e9en des astronautes de l\u2019ESA le 22 avril 2024. Ceci la rendue \u00e9ligible \u00e0 des missions spatiales.\u00a0En mai 2024, elle a \u00e9t\u00e9 assign\u00e9e \u00e0 sa premi\u00e8re mission de longue dur\u00e9e \u00e0 bord de la Station spatiale internationale.<\/p>\n<p>&#13;<br \/>\n&#13;<\/p>\n<p>\n  <img decoding=\"async\" data-copyright=\"ESA - A. Conigli\" class=\"r-img\"  typeof=\"foaf:Image\" src=\"https:\/\/www.europesays.com\/ch-fr\/wp-content\/uploads\/2026\/07\/93789660.jpeg\" alt=\"Portrait de l\u2019astronaute de l\u2019ESA Sophie Adenot\"\/>Portrait de l\u2019astronaute de l\u2019ESA Sophie Adenot &#8211; ESA &#8211; A. Conigli\n<\/p>\n<p>Aujourd\u2019hui, elle accomplit sa mission spatiale <a href=\"https:\/\/cnes.fr\/projets\/mission-epsilon\" target=\"_blank\" rel=\"nofollow noopener\">Epsilon<\/a> \u00e0 bord de la Station depuis le 14 f\u00e9vrier 2026, date de son arriv\u00e9e via <a href=\"https:\/\/cnes.fr\/evenements\/mission-crew-12-sophie-adenot-route-vers-liss\" target=\"_blank\" rel=\"nofollow noopener\">le vol Crew-12<\/a>. Il s\u2019agit du premier vol vers la Station d\u2019un spationaute (astronaute fran\u00e7ais) depuis 2021 et la mission Alpha de Thomas Pesquet. Sophie Adenot est \u00e9galement la seconde femme de nationalit\u00e9 fran\u00e7aise \u00e0 se rendre \u00e0 bord, 25 ans apr\u00e8s Claudie Haigner\u00e9. Cette mission doit durer environ 9 mois.<\/p>\n<p>&#13;<br \/>\n&#13;<\/p>\n<p>&#13;<br \/>\n&#13;<\/p>\n<p>&#13;<br \/>\n&#13;<\/p>\n<p>&#13;<br \/>\n&#13;<\/p>\n<p>\n  <img decoding=\"async\" data-copyright=\"ESA - European Space Agency \/ NASA - National Aeronautics and Space Administration \u2013 S. Adenot\" class=\"r-img\"  typeof=\"foaf:Image\" src=\"https:\/\/www.europesays.com\/ch-fr\/wp-content\/uploads\/2026\/07\/93787241.jpeg\" alt=\"Gen\u00e8ve vue depuis la Station spatiale internationale\"\/>Gen\u00e8ve vue depuis la Station spatiale internationale &#8211; ESA &#8211; European Space Agency \/ NASA &#8211; National Aeronautics and Space Administration \u2013 S. Adenot\n<\/p>\n<p>Des exp\u00e9riences scientifiques et une exp\u00e9rience \u00e9ducative<\/p>\n<p>Plusieurs types d\u2019exp\u00e9riences sont men\u00e9s par Sophie Adenot au cours de sa mission. Certaines ont pour objectif d\u2019approfondir les connaissances et la recherche dans de nombreux domaines, comme la physiologie. D\u2019autres servent \u00e0 \u00e9prouver de nouvelles technologies afin de pr\u00e9parer le futur, en particulier les explorations habit\u00e9es vers la Lune ou Mars.<\/p>\n<p>De plus, elle m\u00e8ne aussi une exp\u00e9rience \u00e9ducative, ChlorISS, qui a pour objectif de faire d\u00e9couvrir le secteur spatial \u00e0 des jeunes de mani\u00e8re ludique, et de les inciter \u00e0 se tourner vers des carri\u00e8res scientifiques.\u00a0Parmi les exp\u00e9riences europ\u00e9ennes, l\u2019ensemble des exp\u00e9riences fran\u00e7aises seront directement suivies par le\u00a0Cadmos\u00a0(Centre d\u2019Aide au D\u00e9veloppement des Activit\u00e9s en Micropesanteur et des Op\u00e9rations Spatiales) au Centre national d\u2019\u00e9tudes spatiales (CNES).<\/p>\n","protected":false},"excerpt":{"rendered":"Sophie Adenot nous d\u00e9crit\u00a0: \u00ab\u00a0Jour 164, orbite 2543 \u2013 Depuis l\u2019espace, Gen\u00e8ve appara\u00eet comme un point de rencontre&hellip;\n","protected":false},"author":2,"featured_media":235845,"comment_status":"","ping_status":"","sticky":false,"template":"","format":"standard","meta":{"footnotes":"","_share_on_mastodon":"0"},"categories":[7],"tags":[34162,61,57,59,58,23,60,62],"class_list":["post-235844","post","type-post","status-publish","format-standard","has-post-thumbnail","category-sciences-et-technologies","tag-annemasse-haute-savoie","tag-science","tag-science-and-technology","tag-sciences","tag-sciences-et-technologies","tag-suisse","tag-technologies","tag-technology"],"share_on_mastodon":{"url":"https:\/\/pubeurope.com\/@ch_fr\/116997694175042264","error":""},"_links":{"self":[{"href":"https:\/\/www.europesays.com\/ch-fr\/wp-json\/wp\/v2\/posts\/235844","targetHints":{"allow":["GET"]}}],"collection":[{"href":"https:\/\/www.europesays.com\/ch-fr\/wp-json\/wp\/v2\/posts"}],"about":[{"href":"https:\/\/www.europesays.com\/ch-fr\/wp-json\/wp\/v2\/types\/post"}],"author":[{"embeddable":true,"href":"https:\/\/www.europesays.com\/ch-fr\/wp-json\/wp\/v2\/users\/2"}],"replies":[{"embeddable":true,"href":"https:\/\/www.europesays.com\/ch-fr\/wp-json\/wp\/v2\/comments?post=235844"}],"version-history":[{"count":0,"href":"https:\/\/www.europesays.com\/ch-fr\/wp-json\/wp\/v2\/posts\/235844\/revisions"}],"wp:featuredmedia":[{"embeddable":true,"href":"https:\/\/www.europesays.com\/ch-fr\/wp-json\/wp\/v2\/media\/235845"}],"wp:attachment":[{"href":"https:\/\/www.europesays.com\/ch-fr\/wp-json\/wp\/v2\/media?parent=235844"}],"wp:term":[{"taxonomy":"category","embeddable":true,"href":"https:\/\/www.europesays.com\/ch-fr\/wp-json\/wp\/v2\/categories?post=235844"},{"taxonomy":"post_tag","embeddable":true,"href":"https:\/\/www.europesays.com\/ch-fr\/wp-json\/wp\/v2\/tags?post=235844"}],"curies":[{"name":"wp","href":"https:\/\/api.w.org\/{rel}","templated":true}]}}