{"id":239342,"date":"2026-07-30T21:44:12","date_gmt":"2026-07-30T21:44:12","guid":{"rendered":"https:\/\/www.europesays.com\/ch-fr\/239342\/"},"modified":"2026-07-30T21:44:12","modified_gmt":"2026-07-30T21:44:12","slug":"europa-league-saint-gall-coule-5-0-a-lisbonne-face-a-benfica","status":"publish","type":"post","link":"https:\/\/www.europesays.com\/ch-fr\/239342\/","title":{"rendered":"Europa League : Saint-Gall coule 5-0 \u00e0 Lisbonne face \u00e0 Benfica"},"content":{"rendered":"<p>A Lisbonne, quatre buts(!) de Pavlidis et une r\u00e9ussite de Lenglet ont permis \u00e0 Benfica d&rsquo;assommer Saint-Gall au 2e tour pr\u00e9liminaire de l&rsquo;Europa League (5-0). Les Brodeurs sont ainsi renvers\u00e9s en Conference League, face au Sheriff Tiraspol.<\/p>\n<p>Vainqueurs 2-1 \u00e0 l&rsquo;aller, les hommes de Maassen ont coul\u00e9 \u00e0 pic au Portugal, o\u00f9 Benfica a \u00e9t\u00e9 sans piti\u00e9. L&rsquo;international grec Pavlidis a ouvert la marque \u00e0 la 11e minute avant d&rsquo;encha\u00eener apr\u00e8s la pause (55e, 65e, et 74e sur penalty) pour signer un quadrupl\u00e9 historique.<\/p>\n<p>A peine arriv\u00e9 \u00e0 Benfica, le d\u00e9fenseur fran\u00e7ais Lenglet a ajout\u00e9 un cinqui\u00e8me but dans les filets saint-gallois d&rsquo;une jolie vol\u00e9e du gauche \u00e0 la 82e minute. Les visiteurs, qui \u00e9voluaient \u00e0 dix depuis la 57e minute et un deuxi\u00e8me carton jaune adress\u00e9 \u00e0 Stanic, ont ainsi bu le calice jusqu&rsquo;\u00e0 la lie.<\/p>\n<p>Sonn\u00e9s apr\u00e8s ce lourd revers, les Brodeurs auront toutefois encore une chance en Europe, puisqu&rsquo;ils affronteront le Sheriff Tiraspol au 3e tour pr\u00e9liminaire de la Conference League \u00e0 partir de la semaine prochaine. Servette, qui avait battu les Moldaves en novembre 2023 en Europa League, pourra peut-\u00eatre leur donner la recette gagnante.<\/p>\n<p class=\"sources\">ace<\/p>\n","protected":false},"excerpt":{"rendered":"A Lisbonne, quatre buts(!) de Pavlidis et une r\u00e9ussite de Lenglet ont permis \u00e0 Benfica d&rsquo;assommer Saint-Gall au&hellip;\n","protected":false},"author":2,"featured_media":239343,"comment_status":"","ping_status":"","sticky":false,"template":"","format":"standard","meta":{"footnotes":"","_share_on_mastodon":"0"},"categories":[4],"tags":[22,51020,52798,1822,1184,52799,52800,912,182,21,913,7991,186,23,52801],"class_list":["post-239342","post","type-post","status-publish","format-standard","has-post-thumbnail","category-actualites","tag-actualites","tag-benfica-lisbonne","tag-benfica-lisbonne-saint-gall","tag-conference-league","tag-europa-league","tag-europa-league-2e-tour-qualificatif-tour-qualificatif-retour","tag-fc-sheriff-tiraspol","tag-fc-st-gall","tag-football","tag-news","tag-saint-gall","tag-sl-benfica","tag-sport","tag-suisse","tag-vangelis-pavlidis"],"share_on_mastodon":{"url":"https:\/\/pubeurope.com\/@ch_fr\/117011117700435652","error":""},"_links":{"self":[{"href":"https:\/\/www.europesays.com\/ch-fr\/wp-json\/wp\/v2\/posts\/239342","targetHints":{"allow":["GET"]}}],"collection":[{"href":"https:\/\/www.europesays.com\/ch-fr\/wp-json\/wp\/v2\/posts"}],"about":[{"href":"https:\/\/www.europesays.com\/ch-fr\/wp-json\/wp\/v2\/types\/post"}],"author":[{"embeddable":true,"href":"https:\/\/www.europesays.com\/ch-fr\/wp-json\/wp\/v2\/users\/2"}],"replies":[{"embeddable":true,"href":"https:\/\/www.europesays.com\/ch-fr\/wp-json\/wp\/v2\/comments?post=239342"}],"version-history":[{"count":0,"href":"https:\/\/www.europesays.com\/ch-fr\/wp-json\/wp\/v2\/posts\/239342\/revisions"}],"wp:featuredmedia":[{"embeddable":true,"href":"https:\/\/www.europesays.com\/ch-fr\/wp-json\/wp\/v2\/media\/239343"}],"wp:attachment":[{"href":"https:\/\/www.europesays.com\/ch-fr\/wp-json\/wp\/v2\/media?parent=239342"}],"wp:term":[{"taxonomy":"category","embeddable":true,"href":"https:\/\/www.europesays.com\/ch-fr\/wp-json\/wp\/v2\/categories?post=239342"},{"taxonomy":"post_tag","embeddable":true,"href":"https:\/\/www.europesays.com\/ch-fr\/wp-json\/wp\/v2\/tags?post=239342"}],"curies":[{"name":"wp","href":"https:\/\/api.w.org\/{rel}","templated":true}]}}