{"id":239600,"date":"2026-07-31T02:48:26","date_gmt":"2026-07-31T02:48:26","guid":{"rendered":"https:\/\/www.europesays.com\/ch-fr\/239600\/"},"modified":"2026-07-31T02:48:26","modified_gmt":"2026-07-31T02:48:26","slug":"la-nouvelle-vie-professionnelle-de-cristina-despagne-2","status":"publish","type":"post","link":"https:\/\/www.europesays.com\/ch-fr\/239600\/","title":{"rendered":"La nouvelle vie professionnelle de Cristina d&rsquo;Espagne"},"content":{"rendered":"<p class=\"mb-4 text-lg md:leading-8 break-words\">Pendant pr\u00e8s de vingt ans, <a data-ylk=\"slk:Cristina d&#039;Espagne;elm:context_link;itc:0;sec:content-canvas;\" data-yga=\"{&quot;yLinkElement&quot;:&quot;link&quot;,&quot;yLinkElementType&quot;:&quot;article_link&quot;}\" href=\"https:\/\/www.pointdevue.fr\/grand-angle\/biographies\/cristina-de-borbon-y-grecia\" rel=\"noopener noreferrer nofollow\" target=\"_blank\">Cristina d&rsquo;Espagne<\/a> a travaill\u00e9 au sein de l&rsquo;Aga Khan Trust for Culture. La fille du roi <a data-ylk=\"slk:Juan Carlos;elm:context_link;itc:0;sec:content-canvas;\" data-yga=\"{&quot;yLinkElement&quot;:&quot;link&quot;,&quot;yLinkElementType&quot;:&quot;article_link&quot;}\" href=\"https:\/\/www.pointdevue.fr\/grand-angle\/biographies\/juan-carlos\" rel=\"noopener noreferrer nofollow\" target=\"_blank\">Juan Carlos<\/a> devrait d\u00e9sormais se consacrer pleinement \u00e0 ses activit\u00e9s au sein de la Fondation Gala-Salvador Dal\u00ed, dont elle est d\u00e9j\u00e0 membre du Conseil d&rsquo;administration.<\/p>\n<p class=\"mb-4 text-lg md:leading-8 break-words\">Selon le journal en ligne Vanitatis, l&rsquo;infante repr\u00e9sentera l&rsquo;institution lors de la prochaine exposition \u00ab\u00a0Dali et la mode\u00a0\u00bb, au Palais royal de Milan. Ce rendez-vous commencera le 24 septembre, au m\u00eame moment que la Fashion Week.<\/p>\n<p class=\"mb-4 text-lg md:leading-8 break-words\">Par le pass\u00e9, l&rsquo;infante Cristina a d\u00e9j\u00e0 inaugur\u00e9 des \u00e9v\u00e9nements initi\u00e9s par la Fondation Gala-Salvador Dali. En 2019, elle assistait ainsi au c\u00f4t\u00e9 du <a data-ylk=\"slk:prince Albert II;elm:context_link;itc:0;sec:content-canvas;\" data-yga=\"{&quot;yLinkElement&quot;:&quot;link&quot;,&quot;yLinkElementType&quot;:&quot;article_link&quot;}\" href=\"https:\/\/www.pointdevue.fr\/grand-angle\/biographies\/albert-de-monaco\" rel=\"noopener noreferrer nofollow\" target=\"_blank\">prince Albert II<\/a> \u00e0 l&rsquo;ouverture de l&rsquo;exposition \u00ab\u00a0Dal\u00ed : Une histoire de la peinture\u00a0\u00bb, au Grimaldi Forum de Monaco. En 2023, elle participait aussi au vernissage de l&rsquo;exposition \u00ab\u00a0Dal\u00ed. Le Christ de Portlligat\u00a0\u00bb, \u00e0 Figueres.<\/p>\n<p><img alt=\"Europa Press\/ABACA\" loading=\"lazy\" width=\"810\" height=\"541\" decoding=\"async\" data-nimg=\"1\" class=\"rounded-lg\" style=\"color:transparent\" src=\"https:\/\/www.europesays.com\/ch-fr\/wp-content\/uploads\/2026\/07\/https:\/\/media.zenfs.com\/fr\/point_de_vue_articles_436\/ef1d21ba5d6133b78de640a4576eac8b.jpeg\"\/><\/p>\n<p>En 2004, inauguration d&rsquo;une entit\u00e9 de La Caixa d\u00e9di\u00e9e aux oeuvres sociales, \u00e0 Barcelone \u00a9 Europa Press\/ABACA<\/p>\n<p class=\"mb-4 text-lg md:leading-8 break-words\">C&rsquo;est au d\u00e9but des ann\u00e9es 1990 que Cristina d&rsquo;Espagne a commenc\u00e9 sa carri\u00e8re en portant des projets culturels. Dipl\u00f4m\u00e9e en sciences politiques et en relations internationales, elle int\u00e8gre la fondation de la banque espagnole La Caixa, apr\u00e8s avoir pass\u00e9 quelques ann\u00e9es au service de l&rsquo;UNESCO.<\/p>\n<p class=\"mb-4 text-lg md:leading-8 break-words\">Apr\u00e8s l&rsquo;av\u00e8nement de son fr\u00e8re, <a data-ylk=\"slk:le roi Felipe VI;elm:context_link;itc:0;sec:content-canvas;\" data-yga=\"{&quot;yLinkElement&quot;:&quot;link&quot;,&quot;yLinkElementType&quot;:&quot;article_link&quot;}\" href=\"https:\/\/www.pointdevue.fr\/grand-angle\/biographies\/felipe-vi\" rel=\"noopener noreferrer nofollow\" target=\"_blank\">le roi Felipe VI<\/a>, en 2014, elle rejoint, \u00e0 Gen\u00e8ve, le <a data-ylk=\"slk:R\u00e9seau Aga Khan de D\u00e9veloppement;elm:context_link;itc:0;sec:content-canvas;\" data-yga=\"{&quot;yLinkElement&quot;:&quot;link&quot;,&quot;yLinkElementType&quot;:&quot;article_link&quot;}\" href=\"https:\/\/www.pointdevue.fr\/royal\/couronnes-du-monde\/laga-khan-artisan-majeur-pour-la-paix\" rel=\"noopener noreferrer nofollow\" target=\"_blank\">R\u00e9seau Aga Khan de D\u00e9veloppement<\/a>. Elle y retrouve Lluis Monreal, qui fut l&rsquo;ancien directeur de la Fondation La Caixa \u00e0 Barcelone. Cet arch\u00e9ologue et historien d&rsquo;art a quitt\u00e9 l&rsquo;institution, au nom de laquelle il a lanc\u00e9 pr\u00e8s de douze mille \u00e9v\u00e9nements culturels en Espagne, pour prendre la t\u00eate de l&rsquo;Aga Khan Trust for Culture. Ancien directeur du Getty Conservation Institute de Los Angeles dans les ann\u00e9es 1980, il est \u00e9galement membre du conseil d&rsquo;administration de la Fondation Gala-Salvador Dal\u00ed.<\/p>\n<p class=\"mb-4 text-lg md:leading-8 break-words\">Lire aussi &gt;&gt; <a data-ylk=\"slk:&quot;Ma plus grande fan&quot; : Pablo Urdangarin \u00e9voque pour la premi\u00e8re fois sa m\u00e8re, l&#039;infante Cristina;elm:context_link;itc:0;sec:content-canvas;\" data-yga=\"{&quot;yLinkElement&quot;:&quot;link&quot;,&quot;yLinkElementType&quot;:&quot;article_link&quot;}\" href=\"https:\/\/www.pointdevue.fr\/royal\/espagne\/ma-plus-grande-fan-pablo-urdangarin-evoque-pour-la-premiere-fois-sa-mere-linfante-cristina\" rel=\"noopener noreferrer nofollow\" target=\"_blank\">\u00ab\u00a0Ma plus grande fan\u00a0\u00bb : Pablo Urdangarin \u00e9voque pour la premi\u00e8re fois sa m\u00e8re, l&rsquo;infante Cristina\u00a0<\/a><\/p>\n","protected":false},"excerpt":{"rendered":"Pendant pr\u00e8s de vingt ans, Cristina d&rsquo;Espagne a travaill\u00e9 au sein de l&rsquo;Aga Khan Trust for Culture. La&hellip;\n","protected":false},"author":2,"featured_media":239601,"comment_status":"","ping_status":"","sticky":false,"template":"","format":"standard","meta":{"footnotes":"","_share_on_mastodon":"0"},"categories":[15],"tags":[158,157,52894,113,112,52897,52899,52895,52898,52896,159,23],"class_list":["post-239600","post","type-post","status-publish","format-standard","has-post-thumbnail","category-people","tag-celebrities","tag-celebrity","tag-cristina","tag-divertissement","tag-entertainment","tag-evenements-culturels","tag-grimaldi-forum-de-monaco","tag-histoire-de-la-peinture","tag-la-caixa","tag-la-fille-du-roi","tag-people","tag-suisse"],"share_on_mastodon":{"url":"https:\/\/pubeurope.com\/@ch_fr\/117012313631025805","error":""},"_links":{"self":[{"href":"https:\/\/www.europesays.com\/ch-fr\/wp-json\/wp\/v2\/posts\/239600","targetHints":{"allow":["GET"]}}],"collection":[{"href":"https:\/\/www.europesays.com\/ch-fr\/wp-json\/wp\/v2\/posts"}],"about":[{"href":"https:\/\/www.europesays.com\/ch-fr\/wp-json\/wp\/v2\/types\/post"}],"author":[{"embeddable":true,"href":"https:\/\/www.europesays.com\/ch-fr\/wp-json\/wp\/v2\/users\/2"}],"replies":[{"embeddable":true,"href":"https:\/\/www.europesays.com\/ch-fr\/wp-json\/wp\/v2\/comments?post=239600"}],"version-history":[{"count":0,"href":"https:\/\/www.europesays.com\/ch-fr\/wp-json\/wp\/v2\/posts\/239600\/revisions"}],"wp:featuredmedia":[{"embeddable":true,"href":"https:\/\/www.europesays.com\/ch-fr\/wp-json\/wp\/v2\/media\/239601"}],"wp:attachment":[{"href":"https:\/\/www.europesays.com\/ch-fr\/wp-json\/wp\/v2\/media?parent=239600"}],"wp:term":[{"taxonomy":"category","embeddable":true,"href":"https:\/\/www.europesays.com\/ch-fr\/wp-json\/wp\/v2\/categories?post=239600"},{"taxonomy":"post_tag","embeddable":true,"href":"https:\/\/www.europesays.com\/ch-fr\/wp-json\/wp\/v2\/tags?post=239600"}],"curies":[{"name":"wp","href":"https:\/\/api.w.org\/{rel}","templated":true}]}}