{"id":240476,"date":"2026-07-31T15:55:16","date_gmt":"2026-07-31T15:55:16","guid":{"rendered":"https:\/\/www.europesays.com\/ch-fr\/240476\/"},"modified":"2026-07-31T15:55:16","modified_gmt":"2026-07-31T15:55:16","slug":"aviron-sept-bateaux-suisses-se-qualifient-pour-les-eliminatoires","status":"publish","type":"post","link":"https:\/\/www.europesays.com\/ch-fr\/240476\/","title":{"rendered":"Aviron. Sept bateaux suisses se qualifient pour les \u00e9liminatoires"},"content":{"rendered":"<p class=\"paragraph-1-base\">Patrick Brunner et Jonah Plock sont quant \u00e0 eux d\u00e9j\u00e0 en lice pour les m\u00e9dailles, apr\u00e8s s\u2019\u00eatre qualifi\u00e9s pour la finale du deux sans barreur gr\u00e2ce \u00e0 leur temps. Lors de la Coupe du monde \u00e0 Lucerne, le duo avait r\u00e9cemment remport\u00e9 la m\u00e9daille de bronze.<\/p>\n<p class=\"paragraph-1-base\">Du c\u00f4t\u00e9 des femmes, Salome Ulrich et Fabienne Schweizer en deux de couple, ainsi que le quatre de couple compos\u00e9 de Lisa L\u00f6tscher, Flavia L\u00f6tscher, C\u00e9lia Dupr\u00e9 et Nina Wettstein, sont \u00e9galement en lice pour les m\u00e9dailles. Le deux sans barreuse compos\u00e9 d\u2019Olivia Roth et Sofia Meakin s\u2019est \u00e9galement qualifi\u00e9 pour la finale lors de leur deuxi\u00e8me r\u00e9gate commune dans cette discipline, tout comme la rameuse paralympique Claire Ghiringhelli en skiff.<\/p>\n<p class=\"paragraph-1-base after:text-primary after:heading-2-xl after:relative after:top-[2px] after:pl-1 after:!leading-[18px] after:text-primary-300 after:content-[&quot;\u00bb&quot;] dark:after:text-primary-300\">Le quatre de couple masculin, compos\u00e9 de Maurin Lange, Rapha\u00ebl Ahumada, Bojan Reuffurth et Donat Vonder M\u00fchll, est le seul bateau suisse \u00e0 avoir \u00e9chou\u00e9 lors des s\u00e9ries.<\/p>\n","protected":false},"excerpt":{"rendered":"Patrick Brunner et Jonah Plock sont quant \u00e0 eux d\u00e9j\u00e0 en lice pour les m\u00e9dailles, apr\u00e8s s\u2019\u00eatre qualifi\u00e9s&hellip;\n","protected":false},"author":2,"featured_media":240477,"comment_status":"","ping_status":"","sticky":false,"template":"","format":"standard","meta":{"footnotes":"","_share_on_mastodon":"0"},"categories":[8],"tags":[15897,229,243,1214,75,23],"class_list":["post-240476","post","type-post","status-publish","format-standard","has-post-thumbnail","category-sports","tag-aviron","tag-couple","tag-europe","tag-italie","tag-sports","tag-suisse"],"share_on_mastodon":{"url":"https:\/\/pubeurope.com\/@ch_fr\/117015407816159332","error":""},"_links":{"self":[{"href":"https:\/\/www.europesays.com\/ch-fr\/wp-json\/wp\/v2\/posts\/240476","targetHints":{"allow":["GET"]}}],"collection":[{"href":"https:\/\/www.europesays.com\/ch-fr\/wp-json\/wp\/v2\/posts"}],"about":[{"href":"https:\/\/www.europesays.com\/ch-fr\/wp-json\/wp\/v2\/types\/post"}],"author":[{"embeddable":true,"href":"https:\/\/www.europesays.com\/ch-fr\/wp-json\/wp\/v2\/users\/2"}],"replies":[{"embeddable":true,"href":"https:\/\/www.europesays.com\/ch-fr\/wp-json\/wp\/v2\/comments?post=240476"}],"version-history":[{"count":0,"href":"https:\/\/www.europesays.com\/ch-fr\/wp-json\/wp\/v2\/posts\/240476\/revisions"}],"wp:featuredmedia":[{"embeddable":true,"href":"https:\/\/www.europesays.com\/ch-fr\/wp-json\/wp\/v2\/media\/240477"}],"wp:attachment":[{"href":"https:\/\/www.europesays.com\/ch-fr\/wp-json\/wp\/v2\/media?parent=240476"}],"wp:term":[{"taxonomy":"category","embeddable":true,"href":"https:\/\/www.europesays.com\/ch-fr\/wp-json\/wp\/v2\/categories?post=240476"},{"taxonomy":"post_tag","embeddable":true,"href":"https:\/\/www.europesays.com\/ch-fr\/wp-json\/wp\/v2\/tags?post=240476"}],"curies":[{"name":"wp","href":"https:\/\/api.w.org\/{rel}","templated":true}]}}