{"id":241050,"date":"2026-08-01T02:20:15","date_gmt":"2026-08-01T02:20:15","guid":{"rendered":"https:\/\/www.europesays.com\/ch-fr\/241050\/"},"modified":"2026-08-01T02:20:15","modified_gmt":"2026-08-01T02:20:15","slug":"amazon-brade-liphone-air-330e-en-256go-et-505e-en-1-to","status":"publish","type":"post","link":"https:\/\/www.europesays.com\/ch-fr\/241050\/","title":{"rendered":"Amazon brade l&rsquo;iPhone Air\u00a0: -330\u20ac en 256Go et -505\u20ac en 1 To\u00a0!"},"content":{"rendered":"<p>                    Le plus fin et le plus l\u00e9ger des iPhone n&rsquo;a pas tard\u00e9 \u00e0 s\u00e9duire les amateurs de design \u00e9pur\u00e9, dont votre serviteur qui l&rsquo;utilise avec bonheur comme t\u00e9l\u00e9phone principal depuis le lancement. Mais si son tarif de lancement vous freinait jusqu&rsquo;ici, voici une bonne nouvelle\u00a0: l&rsquo;iPhone Air b\u00e9n\u00e9ficie d\u00e9sormais de tr\u00e8s int\u00e9ressantes promotions. De quoi s&rsquo;offrir le mod\u00e8le le plus \u00e9l\u00e9gant du catalogue Apple (de loin) sans y laisser tout son budget. <\/p>\n<p>                                                                                                                                                        <img decoding=\"async\" src=\"https:\/\/www.europesays.com\/ch-fr\/wp-content\/uploads\/2026\/08\/080d465508_iphone-air-promo-pas-cher-prix-le-plus-bas.webp\" alt=\"iPhone Air promo pas cher prix le plus bas\" width=\"1200\" height=\"710\" loading=\"lazy\"\/>        <\/p>\n<p>Des mensurations de r\u00eave\u00a0!<\/p>\n<p>C\u2019est une taille de gu\u00eape pour ce dernier n\u00e9 avec 5,6 mm d&rsquo;\u00e9paisseur, un \u00e9cran OLED Super Retina XDR de 6,5&Prime; (avec ProMotion avec un taux de rafra\u00eechissement adaptatif allant jusqu&rsquo;\u00e0 120 Hz, comme pour l\u2019iPhone 17) toujours allum\u00e9 (s&rsquo;ajustant jusqu&rsquo;\u00e0 1 Hz) et une luminosit\u00e9 en pic de 3000 nits. Il embarque une puce A19 Pro  (comme l&rsquo;iPhone 17 Pro) avec 5 c\u0153urs GPU et 6 c\u0153urs CPU, une puce modem C1X d&rsquo;Apple (\u00e9volution de la C1 apparue avec l&rsquo;iPhone 16e) et une toute nouvelle puce N1 pour le Wi-Fi 7, le Bluetooth 6 et le Thread. Si l&rsquo;iPhone Air vous int\u00e9resse, le mieux est de consulter <a href=\"https:\/\/www.mac4ever.com\/iphone\/192185-test-de-l-iphone-17-air-decu-en-bien\" rel=\"nofollow noopener\" target=\"_blank\">notre test complet\u00a0!<\/a><\/p>\n<p>Pour le prot\u00e9ger du monde ext\u00e9rieur et des nombreux accidents du quotidien, Apple a pr\u00e9vu un Ceramic Shield 2, \u00e0 l&rsquo;avant mais \u00e9galement \u00e0 l&rsquo;arri\u00e8re de l&rsquo;iPhone Air. Ce tout nouveau rev\u00eatement con\u00e7u par Apple, offre une r\u00e9sistance aux rayures 3 fois plus grande et un antireflet am\u00e9lior\u00e9 pour r\u00e9duire l&rsquo;\u00e9blouissement.<\/p>\n<p>                                                                                                                                                        <img decoding=\"async\" src=\"https:\/\/www.europesays.com\/ch-fr\/wp-content\/uploads\/2026\/08\/87e1b1c076_apple-devoile-son-tres-fin-iphone-air.webp\" alt=\"Amazon brade l'iPhone Air\u00a0: -330\u20ac en 256Go et -505\u20ac en 1 To\u00a0!\" width=\"1200\" height=\"673\" loading=\"lazy\"\/>        <\/p>\n<p>Ces puces ont \u00e9t\u00e9 d\u00e9velopp\u00e9es dans le but d&rsquo;\u00eatre les moins \u00e9nergivores possibles, ce que Cupertino ne manque pas de pr\u00e9ciser, indiquant que l&rsquo;iPhone Air est l&rsquo;iPhone le plus \u00e9conome en \u00e9nergie jamais fabriqu\u00e9.<\/p>\n<p>                                                                                                                                                        <img decoding=\"async\" src=\"https:\/\/www.europesays.com\/ch-fr\/wp-content\/uploads\/2026\/08\/d78f9b9b03_apple-devoile-son-tres-fin-iphone-air.webp\" alt=\"Amazon brade l'iPhone Air\u00a0: -330\u20ac en 256Go et -505\u20ac en 1 To\u00a0!\" width=\"1200\" height=\"672\" loading=\"lazy\"\/>        <\/p>\n<p>Un feeling Premium<\/p>\n<p>C\u00f4t\u00e9 photo, la cam\u00e9ra est un capteur unique de 48 MP, qui combine un \u00e9quivalent 26mm et 52 mm (12MP). La cam\u00e9ra frontale est de 18MP comme sur l&rsquo;iPhone 17 et l&rsquo;iPhone 17 Pro. Il sera d\u00e9sormais possible enregistrer 2 vid\u00e9os en m\u00eame temps (frontale et dorsale). On note de plus dans els specs des vid\u00e9os Dolby Vision 4K60 ips. Le smartphone est \u00e9galement dot\u00e9 de Face ID, qui est int\u00e9gr\u00e9 au module de la cam\u00e9ra, frontale via la technologie TrueDepth. Si vous voulez en apprendre plus sur l&rsquo;utilisation de ce. mod\u00e8le au quotidien, vous pouvez consulter <a href=\"https:\/\/www.mac4ever.com\/iphone\/192496-un-mois-avec-l-iphone-air-est-ce-que-je-regrette-mon-achat\" rel=\"nofollow noopener\" target=\"_blank\">l&rsquo;article de Vincent qui nous fait un bilan apr\u00e8s un mois d&rsquo;utilisation<\/a>. Personnellement , j&rsquo;ai craqu\u00e9 pour l&rsquo;iPhone Air en remplacement d&rsquo;un iPhone 14 Pro Max et j&rsquo;en suis totalement ravi.<\/p>\n","protected":false},"excerpt":{"rendered":"Le plus fin et le plus l\u00e9ger des iPhone n&rsquo;a pas tard\u00e9 \u00e0 s\u00e9duire les amateurs de design&hellip;\n","protected":false},"author":2,"featured_media":241051,"comment_status":"","ping_status":"","sticky":false,"template":"","format":"standard","meta":{"footnotes":"","_share_on_mastodon":"0"},"categories":[7],"tags":[53116,15203,61,57,59,58,23,60,62],"class_list":["post-241050","post","type-post","status-publish","format-standard","has-post-thumbnail","category-sciences-et-technologies","tag-iphoneair","tag-promo","tag-science","tag-science-and-technology","tag-sciences","tag-sciences-et-technologies","tag-suisse","tag-technologies","tag-technology"],"share_on_mastodon":{"url":"https:\/\/pubeurope.com\/@ch_fr\/117017865731845355","error":""},"_links":{"self":[{"href":"https:\/\/www.europesays.com\/ch-fr\/wp-json\/wp\/v2\/posts\/241050","targetHints":{"allow":["GET"]}}],"collection":[{"href":"https:\/\/www.europesays.com\/ch-fr\/wp-json\/wp\/v2\/posts"}],"about":[{"href":"https:\/\/www.europesays.com\/ch-fr\/wp-json\/wp\/v2\/types\/post"}],"author":[{"embeddable":true,"href":"https:\/\/www.europesays.com\/ch-fr\/wp-json\/wp\/v2\/users\/2"}],"replies":[{"embeddable":true,"href":"https:\/\/www.europesays.com\/ch-fr\/wp-json\/wp\/v2\/comments?post=241050"}],"version-history":[{"count":0,"href":"https:\/\/www.europesays.com\/ch-fr\/wp-json\/wp\/v2\/posts\/241050\/revisions"}],"wp:featuredmedia":[{"embeddable":true,"href":"https:\/\/www.europesays.com\/ch-fr\/wp-json\/wp\/v2\/media\/241051"}],"wp:attachment":[{"href":"https:\/\/www.europesays.com\/ch-fr\/wp-json\/wp\/v2\/media?parent=241050"}],"wp:term":[{"taxonomy":"category","embeddable":true,"href":"https:\/\/www.europesays.com\/ch-fr\/wp-json\/wp\/v2\/categories?post=241050"},{"taxonomy":"post_tag","embeddable":true,"href":"https:\/\/www.europesays.com\/ch-fr\/wp-json\/wp\/v2\/tags?post=241050"}],"curies":[{"name":"wp","href":"https:\/\/api.w.org\/{rel}","templated":true}]}}