{"id":241292,"date":"2026-08-01T08:07:13","date_gmt":"2026-08-01T08:07:13","guid":{"rendered":"https:\/\/www.europesays.com\/ch-fr\/241292\/"},"modified":"2026-08-01T08:07:13","modified_gmt":"2026-08-01T08:07:13","slug":"north-west-annule-sa-toute-premiere-tournee","status":"publish","type":"post","link":"https:\/\/www.europesays.com\/ch-fr\/241292\/","title":{"rendered":"North West annule sa toute premi\u00e8re tourn\u00e9e"},"content":{"rendered":"<p class=\"mb-4 text-lg md:leading-8 break-words\">musique &#8211; La fille a\u00een\u00e9e de Kim Kardashian et Kanye West, \u00e2g\u00e9e de 13 ans, devait promouvoir son premier EP, \u00ab N0rth4evr \u00bb<\/p>\n<p class=\"mb-4 text-lg md:leading-8 break-words\">Finalement, ce ne sera pas tout de suite que le public pourra d\u00e9couvrir les premi\u00e8res chansons de <a data-ylk=\"slk:North West;elm:context_link;itc:0;sec:content-canvas;\" data-yga=\"{&quot;yLinkElement&quot;:&quot;link&quot;,&quot;yLinkElementType&quot;:&quot;article_link&quot;}\" href=\"https:\/\/www.20minutes.fr\/arts-stars\/people\/4202414-20260219-north-west-signe-contrat-maison-disques-derriere-album-bully-pere?at_medium=RSS%20feed&amp;at_campaign=ynews&amp;utm_source=yahoo&amp;utm_medium=rss&amp;utm_campaign=news_feed&amp;utm_content=in_article_link\" rel=\"noopener noreferrer nofollow\" target=\"_blank\">North West<\/a> en live.<\/p>\n<p class=\"mb-4 text-lg md:leading-8 break-words\">L&rsquo;adolescente de 13 ans \u00e9tait attendue le 5 ao\u00fbt \u00e0 Dallas, au Texas, o\u00f9 devait commencer son Kimokawaii Tour avec la rappeuse Molly Santana, mais il n&rsquo;en sera rien. Quatorze dates \u00e9taient pr\u00e9vues en Am\u00e9rique du Nord. Il en reste deux, \u00e0 Dallas (Etats-Unis) et Toronto (Canada), marqu\u00e9es \u00ab annul\u00e9 \u00bb sur le site de <a data-ylk=\"slk:Ticketmaster;elm:context_link;itc:0;sec:content-canvas;\" data-yga=\"{&quot;yLinkElement&quot;:&quot;link&quot;,&quot;yLinkElementType&quot;:&quot;article_link&quot;}\" href=\"https:\/\/www.20minutes.fr\/monde\/4218618-20260416-etats-unis-geant-ticketmaster-juge-responsable-monopole-illegal-justice?at_medium=RSS%20feed&amp;at_campaign=ynews&amp;utm_source=yahoo&amp;utm_medium=rss&amp;utm_campaign=news_feed&amp;utm_content=in_article_link\" rel=\"noopener noreferrer nofollow\" target=\"_blank\">Ticketmaster<\/a>. La page de la tourn\u00e9e affiche \u00ab Error 404 \u2013 Page Not Found \u00bb sur le site de Molly Santana.<\/p>\n<p class=\"mb-4 text-lg md:leading-8 break-words\">Ticketmaster informe simplement que \u00ab l&rsquo;organisateur a malheureusement d\u00fb annuler l&rsquo;\u00e9v\u00e9nement \u00bb et qu&rsquo;un \u00ab remboursement automatique \u00bb sera effectu\u00e9 pour les d\u00e9tenteurs de billets.<\/p>\n<p>Une prochaine fois<\/p>\n<p class=\"mb-4 text-lg md:leading-8 break-words\">Molly Santana a confirm\u00e9 l&rsquo;annulation dans ses Stories Instagram, en promettant de se rattraper bient\u00f4t :<\/p>\n<p class=\"mb-4 text-lg md:leading-8 break-words\">A tous ceux qui ont achet\u00e9 des billets pour la tourn\u00e9e, je vous pr\u00e9sente mes sinc\u00e8res excuses. Je sais que vous avez pris du temps et d\u00e9pens\u00e9 votre argent durement gagn\u00e9 pour faire en sorte d&rsquo;\u00eatre l\u00e0.<\/p>\n<p class=\"mb-4 text-lg md:leading-8 break-words\">La fille a\u00een\u00e9e de <a data-ylk=\"slk:Kim Kardashian;elm:context_link;itc:0;sec:content-canvas;\" data-yga=\"{&quot;yLinkElement&quot;:&quot;link&quot;,&quot;yLinkElementType&quot;:&quot;article_link&quot;}\" href=\"https:\/\/www.20minutes.fr\/arts-stars\/people\/4234963-20260717-kim-kardashian-repond-critiques-photos-vacances-alors-grand-mere-venait-mourir?at_medium=RSS%20feed&amp;at_campaign=ynews&amp;utm_source=yahoo&amp;utm_medium=rss&amp;utm_campaign=news_feed&amp;utm_content=in_article_link\" rel=\"noopener noreferrer nofollow\" target=\"_blank\">Kim Kardashian<\/a> et <a data-ylk=\"slk:Kanye West;elm:context_link;itc:0;sec:content-canvas;\" data-yga=\"{&quot;yLinkElement&quot;:&quot;link&quot;,&quot;yLinkElementType&quot;:&quot;article_link&quot;}\" href=\"https:\/\/www.20minutes.fr\/arts-stars\/people\/4237071-20260730-kanye-west-regle-hors-tribunal-plainte-ancienne-assistante-personnelle?at_medium=RSS%20feed&amp;at_campaign=ynews&amp;utm_source=yahoo&amp;utm_medium=rss&amp;utm_campaign=news_feed&amp;utm_content=in_article_link\" rel=\"noopener noreferrer nofollow\" target=\"_blank\">Kanye West<\/a> a d\u00e9clar\u00e9 sur Instagram, dans un post qu&rsquo;elle a depuis effac\u00e9 mais qu&rsquo;a relev\u00e9 le <a data-ylk=\"slk:NME;elm:context_link;itc:0;sec:content-canvas;\" data-yga=\"{&quot;yLinkElement&quot;:&quot;link&quot;,&quot;yLinkElementType&quot;:&quot;article_link&quot;}\" href=\"https:\/\/www.nme.com\/news\/music\/north-west-and-molly-santana-cancel-joint-kimokawaii-tour-3959999?at_medium=RSS%20feed&amp;at_campaign=ynews&amp;utm_source=yahoo&amp;utm_medium=rss&amp;utm_campaign=news_feed&amp;utm_content=in_article_link\" rel=\"noopener noreferrer nofollow\" target=\"_blank\">NME<\/a>, qu&rsquo;elle \u00e9tait \u00ab ravie \u00e0 l&rsquo;id\u00e9e de partir en tourn\u00e9e avec Molly Santana \u00bb, mais que \u00ab malheureusement, \u00e7a n&rsquo;est plus d&rsquo;actualit\u00e9 \u00bb. Elle a promis \u00e0 ses fans \u00ab quelque chose de sp\u00e9cial \u00bb \u00e0 venir.<\/p>\n<p class=\"mb-4 text-lg md:leading-8 break-words\">Gage qu&rsquo;\u00e0 13 ans, North West a largement toute la vie devant elle pour aller \u00e0 la rencontre de ses fans et leur pr\u00e9senter ses cha(&#8230;)<\/p>\n<p class=\"mb-4 text-lg md:leading-8 break-words\"><a data-ylk=\"slk:Lire la suite sur 20minutes;elm:context_link;itc:0;sec:content-canvas;\" data-yga=\"{&quot;yLinkElement&quot;:&quot;link&quot;,&quot;yLinkElementType&quot;:&quot;article_link&quot;}\" href=\"https:\/\/www.20minutes.fr\/arts-stars\/people\/4237232-20260731-north-west-annule-toute-premiere-tournee?at_medium=RSS%20feed&amp;at_campaign=ynews&amp;utm_source=yahoo&amp;utm_medium=rss&amp;utm_campaign=news_feed&amp;utm_content=read_more_link\" rel=\"noopener noreferrer nofollow\" target=\"_blank\">Lire la suite sur 20minutes<\/a><\/p>\n<p>\u00c0 lire aussi :<br \/><a data-ylk=\"slk:Zayn Malik annule sa tourn\u00e9e aux \u00c9tats-Unis et r\u00e9duit ses dates en Europe apr\u00e8s son hospitalisation;elm:context_link;itc:0;sec:content-canvas;\" data-yga=\"{&quot;yLinkElement&quot;:&quot;link&quot;,&quot;yLinkElementType&quot;:&quot;article_link&quot;}\" href=\"https:\/\/www.20minutes.fr\/arts-stars\/people\/4221810-20260504-zayn-malik-annule-tournee-etats-unis-reduit-dates-europe-apres-hospitalisation?at_medium=RSS%20feed&amp;at_campaign=ynews&amp;utm_source=yahoo&amp;utm_medium=rss&amp;utm_campaign=news_feed&amp;utm_content=related_content_link\" rel=\"noopener noreferrer nofollow\" target=\"_blank\">Zayn Malik annule sa tourn\u00e9e aux \u00c9tats-Unis et r\u00e9duit ses dates en Europe apr\u00e8s son hospitalisation<\/a><\/p>\n","protected":false},"excerpt":{"rendered":"musique &#8211; La fille a\u00een\u00e9e de Kim Kardashian et Kanye West, \u00e2g\u00e9e de 13 ans, devait promouvoir son&hellip;\n","protected":false},"author":2,"featured_media":241293,"comment_status":"","ping_status":"","sticky":false,"template":"","format":"standard","meta":{"footnotes":"","_share_on_mastodon":"0"},"categories":[15],"tags":[17572,158,157,113,112,49665,2089,16851,53157,159,23,53158],"class_list":["post-241292","post","type-post","status-publish","format-standard","has-post-thumbnail","category-people","tag-13-ans","tag-celebrities","tag-celebrity","tag-divertissement","tag-entertainment","tag-fille-ainee","tag-kanye-west","tag-kim-kardashian","tag-molly-santana","tag-people","tag-suisse","tag-ticketmaster"],"share_on_mastodon":{"url":"https:\/\/pubeurope.com\/@ch_fr\/117019229670522732","error":""},"_links":{"self":[{"href":"https:\/\/www.europesays.com\/ch-fr\/wp-json\/wp\/v2\/posts\/241292","targetHints":{"allow":["GET"]}}],"collection":[{"href":"https:\/\/www.europesays.com\/ch-fr\/wp-json\/wp\/v2\/posts"}],"about":[{"href":"https:\/\/www.europesays.com\/ch-fr\/wp-json\/wp\/v2\/types\/post"}],"author":[{"embeddable":true,"href":"https:\/\/www.europesays.com\/ch-fr\/wp-json\/wp\/v2\/users\/2"}],"replies":[{"embeddable":true,"href":"https:\/\/www.europesays.com\/ch-fr\/wp-json\/wp\/v2\/comments?post=241292"}],"version-history":[{"count":0,"href":"https:\/\/www.europesays.com\/ch-fr\/wp-json\/wp\/v2\/posts\/241292\/revisions"}],"wp:featuredmedia":[{"embeddable":true,"href":"https:\/\/www.europesays.com\/ch-fr\/wp-json\/wp\/v2\/media\/241293"}],"wp:attachment":[{"href":"https:\/\/www.europesays.com\/ch-fr\/wp-json\/wp\/v2\/media?parent=241292"}],"wp:term":[{"taxonomy":"category","embeddable":true,"href":"https:\/\/www.europesays.com\/ch-fr\/wp-json\/wp\/v2\/categories?post=241292"},{"taxonomy":"post_tag","embeddable":true,"href":"https:\/\/www.europesays.com\/ch-fr\/wp-json\/wp\/v2\/tags?post=241292"}],"curies":[{"name":"wp","href":"https:\/\/api.w.org\/{rel}","templated":true}]}}