{"id":241513,"date":"2026-08-01T11:37:10","date_gmt":"2026-08-01T11:37:10","guid":{"rendered":"https:\/\/www.europesays.com\/ch-fr\/241513\/"},"modified":"2026-08-01T11:37:10","modified_gmt":"2026-08-01T11:37:10","slug":"aviron-titre-europeen-historique-pour-le-quatre-de-couple-suisse","status":"publish","type":"post","link":"https:\/\/www.europesays.com\/ch-fr\/241513\/","title":{"rendered":"Aviron: titre europ\u00e9en historique pour le quatre de couple suisse"},"content":{"rendered":"<p>Le quatre de couple f\u00e9minin suisse s&rsquo;est par\u00e9 d&rsquo;or lors les Europ\u00e9ens de Varese. Lisa L\u00f6tscher, Flavia L\u00f6tscher, la Genevoise C\u00e9lia Dupr\u00e9 et Nina Wettstein ont cr\u00e9\u00e9 la surprise en devan\u00e7ant de 0\u00a0\u00bb68 l&rsquo;Allemagne, 2e, en finale.<\/p>\n<p>La Suisse a d\u00e9croch\u00e9 une m\u00e9daille lors de la premi\u00e8re journ\u00e9e des finales des Europ\u00e9ens de Varese, mais pas celle qui \u00e9tait attendue. Le quatre de couple f\u00e9minin a cr\u00e9\u00e9 la surprise en d\u00e9crochant le titre, alors que le deux sans barreur Patrick Brunner\/Jonah Plock a d\u00e9\u00e7u en terminant 5e de la finale.<\/p>\n<p>Le titre conquis par Lisa L\u00f6tscher, Flavia L\u00f6tscher, la Genevoise C\u00e9lia Dupr\u00e9 et Nina Wettstein est tout simplement historique. C&rsquo;est en effet la premi\u00e8re fois que Swiss Rowing f\u00eate un titre international dans l&rsquo;\u00e9lite gr\u00e2ce \u00e0 un quatuor f\u00e9minin. Un quatuor par ailleurs nouvellement form\u00e9.<\/p>\n<p>Une deuxi\u00e8me m\u00e9daille pour C\u00e9lia Dupr\u00e9<\/p>\n<p>Associ\u00e9es pour la premi\u00e8re fois il y a un peu plus d&rsquo;un mois en Coupe du monde sur le Rotsee, avec un 5e rang \u00e0 la cl\u00e9, les quatre jeunes femmes ont ma\u00eetris\u00e9 leur sujet en finale. Troisi\u00e8mes apr\u00e8s 500, 1000 et 1500 m\u00e8tres, elles ont produit leur effort dans les 500 derniers m\u00e8tres pour devancer de 0\u00a0\u00bb68 l&rsquo;Allemagne, 2e.<\/p>\n<p>Pour C\u00e9lia Dupr\u00e9, il s&rsquo;agit de la deuxi\u00e8me m\u00e9daille dans un grand rendez-vous international. La Genevoise (25 ans le 30 ao\u00fbt prochain) avait cueilli le bronze en deux de couple mixte lors des championnats du monde 2025 \u00e0 Shanghai, au c\u00f4t\u00e9 du Vaudois Rapha\u00ebl Ahumada.<\/p>\n<p class=\"sources\">ats\/btro<\/p>\n","protected":false},"excerpt":{"rendered":"Le quatre de couple f\u00e9minin suisse s&rsquo;est par\u00e9 d&rsquo;or lors les Europ\u00e9ens de Varese. Lisa L\u00f6tscher, Flavia L\u00f6tscher,&hellip;\n","protected":false},"author":2,"featured_media":241514,"comment_status":"","ping_status":"","sticky":false,"template":"","format":"standard","meta":{"footnotes":"","_share_on_mastodon":"0"},"categories":[4],"tags":[22,1830,76,15897,53194,243,169,53195,53196,794,21,53197,53198,53199,53200,186,23],"class_list":["post-241513","post","type-post","status-publish","format-standard","has-post-thumbnail","category-actualites","tag-actualites","tag-allemagne","tag-autres-sports","tag-aviron","tag-celia-dupre-aviron","tag-europe","tag-geneve","tag-jonah-plock","tag-lisa-lotscher-aviron","tag-medaille-dor","tag-news","tag-nina-wettstein","tag-patrick-brunner-aviron","tag-quatre-de-couple-aviron","tag-raphael-ahumada","tag-sport","tag-suisse"],"share_on_mastodon":{"url":"https:\/\/pubeurope.com\/@ch_fr\/117020055750604982","error":""},"_links":{"self":[{"href":"https:\/\/www.europesays.com\/ch-fr\/wp-json\/wp\/v2\/posts\/241513","targetHints":{"allow":["GET"]}}],"collection":[{"href":"https:\/\/www.europesays.com\/ch-fr\/wp-json\/wp\/v2\/posts"}],"about":[{"href":"https:\/\/www.europesays.com\/ch-fr\/wp-json\/wp\/v2\/types\/post"}],"author":[{"embeddable":true,"href":"https:\/\/www.europesays.com\/ch-fr\/wp-json\/wp\/v2\/users\/2"}],"replies":[{"embeddable":true,"href":"https:\/\/www.europesays.com\/ch-fr\/wp-json\/wp\/v2\/comments?post=241513"}],"version-history":[{"count":0,"href":"https:\/\/www.europesays.com\/ch-fr\/wp-json\/wp\/v2\/posts\/241513\/revisions"}],"wp:featuredmedia":[{"embeddable":true,"href":"https:\/\/www.europesays.com\/ch-fr\/wp-json\/wp\/v2\/media\/241514"}],"wp:attachment":[{"href":"https:\/\/www.europesays.com\/ch-fr\/wp-json\/wp\/v2\/media?parent=241513"}],"wp:term":[{"taxonomy":"category","embeddable":true,"href":"https:\/\/www.europesays.com\/ch-fr\/wp-json\/wp\/v2\/categories?post=241513"},{"taxonomy":"post_tag","embeddable":true,"href":"https:\/\/www.europesays.com\/ch-fr\/wp-json\/wp\/v2\/tags?post=241513"}],"curies":[{"name":"wp","href":"https:\/\/api.w.org\/{rel}","templated":true}]}}