{"id":241931,"date":"2026-08-01T18:18:14","date_gmt":"2026-08-01T18:18:14","guid":{"rendered":"https:\/\/www.europesays.com\/ch-fr\/241931\/"},"modified":"2026-08-01T18:18:14","modified_gmt":"2026-08-01T18:18:14","slug":"tour-de-france-2026-lorena-wiebes-gagne-la-1re-etape-a-lausanne","status":"publish","type":"post","link":"https:\/\/www.europesays.com\/ch-fr\/241931\/","title":{"rendered":"Tour de France 2026 : Lorena Wiebes gagne la 1re \u00e9tape \u00e0 Lausanne"},"content":{"rendered":"<p>Lorena Wiebes a remport\u00e9 \u00e0 Lausanne la 1re \u00e9tape du Tour de France Femmes. La N\u00e9erlandaise, qui a devanc\u00e9 Kim Le Court et Demi Vollering au sprint, endosse du m\u00eame coup la premi\u00e8re tunique jaune de leader du g\u00e9n\u00e9ral. C\u00f4t\u00e9 suisse, Noemi R\u00fcegg s&rsquo;est class\u00e9e 5e et Marlen Reusser 10e.<\/p>\n<p>Le 1er ao\u00fbt n&rsquo;a donc pas souri aux Suissesses. Noemi R\u00fcegg a n\u00e9anmoins sign\u00e9 un retour convaincant, trois mois apr\u00e8s sa chute survenue lors de la 2e \u00e9tape de la Vuelta. Mais la Zurichoise n&rsquo;a rien pu faire face \u00e0 la puissance de Lorena Wiebes au sommet de la c\u00f4te de St-Fran\u00e7ois (2,6km \u00e0 4,6% de moyenne).<\/p>\n<p>Marlen Reusser \u00e9tait \u00e9galement dans le coup au moment d&rsquo;aborder la derni\u00e8re difficult\u00e9 de la journ\u00e9e. La Bernoise, qui fait partie des candidates \u00e0 la victoire finale, s&rsquo;est pourtant fait peur en chutant \u00e0 25km de l&rsquo;arriv\u00e9e. Elle a assur\u00e9 l&rsquo;essentiel en parvenant \u00e0 rejoindre le peloton principal.<\/p>\n<p>Cette 1re \u00e9tape a \u00e9t\u00e9 marqu\u00e9e par l&rsquo;\u00e9chapp\u00e9e de quatre coureuses, qui ont compt\u00e9 plus de six minutes d&rsquo;avance sur le peloton. Emmen\u00e9 par la Tch\u00e8que Nikola Noskova, le quatuor a toutefois \u00e9t\u00e9 repris \u00e0 6km de l&rsquo;arriv\u00e9e.<\/p>\n<p>&gt;&gt; A lire aussi\u00a0: <a href=\"https:\/\/www.rts.ch\/sport\/cyclisme\/2026\/article\/tour-de-france-2026-vollering-et-ferrand-prevot-en-favorites-29317548.html\" data-item-id=\"richtext_link\" rel=\"nofollow noopener\" target=\"_blank\">Pour Demi Vollering, la Grande Boucle sera \u00ab\u00a0un combat pour chaque seconde\u00a0\u00bb<\/a><\/p>\n<p class=\"sources\">ats\/efas<\/p>\n","protected":false},"excerpt":{"rendered":"Lorena Wiebes a remport\u00e9 \u00e0 Lausanne la 1re \u00e9tape du Tour de France Femmes. La N\u00e9erlandaise, qui a&hellip;\n","protected":false},"author":2,"featured_media":241932,"comment_status":"","ping_status":"","sticky":false,"template":"","format":"standard","meta":{"footnotes":"","_share_on_mastodon":"0"},"categories":[19],"tags":[29914,42677,1105,13622,38779,1107,13616,53253,177,21638,20372,18876,466,39945,186,23,18877,1135,48382,22503,53252],"class_list":["post-241931","post","type-post","status-publish","format-standard","has-post-thumbnail","category-lausanne","tag-1ere-etape","tag-ag-insurance-soudal-team","tag-cyclisme","tag-cyclisme-sur-route","tag-demi-vollering","tag-etape","tag-fdj-united-suez","tag-kimberley-le-court-de-billot","tag-lausanne","tag-lorena-wiebes","tag-marlen-reusser","tag-noemi-ruegg","tag-rts-sport","tag-sd-worx-q135512235","tag-sport","tag-suisse","tag-team-sd-worx-protime","tag-tour-de-france","tag-tour-de-france-2026","tag-tour-de-france-femmes","tag-world-tour-femmes-tour-de-france"],"share_on_mastodon":{"url":"https:\/\/pubeurope.com\/@ch_fr\/117021632621895641","error":""},"_links":{"self":[{"href":"https:\/\/www.europesays.com\/ch-fr\/wp-json\/wp\/v2\/posts\/241931","targetHints":{"allow":["GET"]}}],"collection":[{"href":"https:\/\/www.europesays.com\/ch-fr\/wp-json\/wp\/v2\/posts"}],"about":[{"href":"https:\/\/www.europesays.com\/ch-fr\/wp-json\/wp\/v2\/types\/post"}],"author":[{"embeddable":true,"href":"https:\/\/www.europesays.com\/ch-fr\/wp-json\/wp\/v2\/users\/2"}],"replies":[{"embeddable":true,"href":"https:\/\/www.europesays.com\/ch-fr\/wp-json\/wp\/v2\/comments?post=241931"}],"version-history":[{"count":0,"href":"https:\/\/www.europesays.com\/ch-fr\/wp-json\/wp\/v2\/posts\/241931\/revisions"}],"wp:featuredmedia":[{"embeddable":true,"href":"https:\/\/www.europesays.com\/ch-fr\/wp-json\/wp\/v2\/media\/241932"}],"wp:attachment":[{"href":"https:\/\/www.europesays.com\/ch-fr\/wp-json\/wp\/v2\/media?parent=241931"}],"wp:term":[{"taxonomy":"category","embeddable":true,"href":"https:\/\/www.europesays.com\/ch-fr\/wp-json\/wp\/v2\/categories?post=241931"},{"taxonomy":"post_tag","embeddable":true,"href":"https:\/\/www.europesays.com\/ch-fr\/wp-json\/wp\/v2\/tags?post=241931"}],"curies":[{"name":"wp","href":"https:\/\/api.w.org\/{rel}","templated":true}]}}