{"id":243089,"date":"2026-08-02T17:25:32","date_gmt":"2026-08-02T17:25:32","guid":{"rendered":"https:\/\/www.europesays.com\/ch-fr\/243089\/"},"modified":"2026-08-02T17:25:32","modified_gmt":"2026-08-02T17:25:32","slug":"images-choc-2-5-au-fil-des-reseaux","status":"publish","type":"post","link":"https:\/\/www.europesays.com\/ch-fr\/243089\/","title":{"rendered":"Images choc (2\/5) &#8211; Au fil des r\u00e9seaux"},"content":{"rendered":"<p> Quand Ga\u00e9tan avait 12 ans, la consommation sur Internet d&rsquo;images de violence extr\u00eame n&rsquo;\u00e9tait qu&rsquo;une mani\u00e8re de rire entre amis. Mais des ann\u00e9es plus tard, il se retrouve \u00e0 avaler des heures de vid\u00e9os de la guerre en Ukraine. Des images qui provoquent chez lui excitation et d\u00e9go\u00fbt. En Valais, cinq pr\u00e9-adolescentes scrollaient sur leur fil Tiktok, quand l&rsquo;assassinat en direct de l&rsquo;influenceuse mexicaine Valeria Marquez s&rsquo;est invit\u00e9 sur leur smartphone.<\/p>\n<p>Premi\u00e8re diffusion le 24 ao\u00fbt 2025. <\/p>\n<p>Reportages de Mathias D\u00e9l\u00e9troz et Elias Baillif<br \/>R\u00e9alisation : Jonathan Haslebacher<br \/>Production : Laurence Dif\u00e9lix<\/p>\n","protected":false},"excerpt":{"rendered":"Quand Ga\u00e9tan avait 12 ans, la consommation sur Internet d&rsquo;images de violence extr\u00eame n&rsquo;\u00e9tait qu&rsquo;une mani\u00e8re de rire&hellip;\n","protected":false},"author":2,"featured_media":243090,"comment_status":"","ping_status":"","sticky":false,"template":"","format":"standard","meta":{"footnotes":"","_share_on_mastodon":"0"},"categories":[6],"tags":[45,4560,44,43,849,851,23,53474],"class_list":["post-243089","post","type-post","status-publish","format-standard","has-post-thumbnail","category-economie","tag-business","tag-documentaires-et-reportages","tag-economie","tag-economy","tag-la-1ere","tag-media-radio","tag-suisse","tag-vacarme"],"share_on_mastodon":{"url":"https:\/\/pubeurope.com\/@ch_fr\/117027086243806071","error":""},"_links":{"self":[{"href":"https:\/\/www.europesays.com\/ch-fr\/wp-json\/wp\/v2\/posts\/243089","targetHints":{"allow":["GET"]}}],"collection":[{"href":"https:\/\/www.europesays.com\/ch-fr\/wp-json\/wp\/v2\/posts"}],"about":[{"href":"https:\/\/www.europesays.com\/ch-fr\/wp-json\/wp\/v2\/types\/post"}],"author":[{"embeddable":true,"href":"https:\/\/www.europesays.com\/ch-fr\/wp-json\/wp\/v2\/users\/2"}],"replies":[{"embeddable":true,"href":"https:\/\/www.europesays.com\/ch-fr\/wp-json\/wp\/v2\/comments?post=243089"}],"version-history":[{"count":0,"href":"https:\/\/www.europesays.com\/ch-fr\/wp-json\/wp\/v2\/posts\/243089\/revisions"}],"wp:featuredmedia":[{"embeddable":true,"href":"https:\/\/www.europesays.com\/ch-fr\/wp-json\/wp\/v2\/media\/243090"}],"wp:attachment":[{"href":"https:\/\/www.europesays.com\/ch-fr\/wp-json\/wp\/v2\/media?parent=243089"}],"wp:term":[{"taxonomy":"category","embeddable":true,"href":"https:\/\/www.europesays.com\/ch-fr\/wp-json\/wp\/v2\/categories?post=243089"},{"taxonomy":"post_tag","embeddable":true,"href":"https:\/\/www.europesays.com\/ch-fr\/wp-json\/wp\/v2\/tags?post=243089"}],"curies":[{"name":"wp","href":"https:\/\/api.w.org\/{rel}","templated":true}]}}