{"id":243233,"date":"2026-08-02T19:49:12","date_gmt":"2026-08-02T19:49:12","guid":{"rendered":"https:\/\/www.europesays.com\/ch-fr\/243233\/"},"modified":"2026-08-02T19:49:12","modified_gmt":"2026-08-02T19:49:12","slug":"ils-pensaient-que-leur-argent-suffirait-pour-gagner-des-titres-les-proprietaires-mecenes-du-top-14-face-a-lusure-du-temps","status":"publish","type":"post","link":"https:\/\/www.europesays.com\/ch-fr\/243233\/","title":{"rendered":"\u00ab Ils pensaient que leur argent suffirait pour gagner des titres \u00bb : les propri\u00e9taires m\u00e9c\u00e8nes du Top 14 face \u00e0 l&rsquo;usure du temps"},"content":{"rendered":"<p>Rugby,<\/p>\n<p>Les m\u00e9c\u00e8nes du Top 14<\/p>\n<p>abonn\u00e9<\/p>\n<p>\u00ab Ils pensaient que leur argent suffirait pour gagner des titres \u00bb : les propri\u00e9taires m\u00e9c\u00e8nes du Top 14 face \u00e0 l&rsquo;usure du temps<\/p>\n<p>Apr\u00e8s avoir beaucoup investi, les riches pr\u00e9sidents et m\u00e9c\u00e8nes les plus \u00e2g\u00e9s du Top 14 aimeraient, pour la plupart, passer la main ou a minima faire \u00e9voluer leur mod\u00e8le \u00e9conomique. Bernard Lema\u00eetre, Hans-Peter Wild, Mohed Altrad et Jacky Lorenzetti sont \u00e0 un tournant.<\/p>\n","protected":false},"excerpt":{"rendered":"Rugby, Les m\u00e9c\u00e8nes du Top 14 abonn\u00e9 \u00ab Ils pensaient que leur argent suffirait pour gagner des titres&hellip;\n","protected":false},"author":2,"featured_media":243234,"comment_status":"","ping_status":"","sticky":false,"template":"","format":"standard","meta":{"footnotes":"","_share_on_mastodon":"0"},"categories":[8],"tags":[4748,45,53505,53507,636,14446,39999,878,932,75,39998,23,44897,53506],"class_list":["post-243233","post","type-post","status-publish","format-standard","has-post-thumbnail","category-sports","tag-analyses","tag-business","tag-jean-francois-paturaud","tag-les-riches-presidents-du-top-14-a-un-tournant","tag-montpellier","tag-payant","tag-racing-92","tag-rugby","tag-series","tag-sports","tag-stade-francais","tag-suisse","tag-top-14","tag-toulon"],"share_on_mastodon":{"url":"https:\/\/pubeurope.com\/@ch_fr\/117027652546057095","error":""},"_links":{"self":[{"href":"https:\/\/www.europesays.com\/ch-fr\/wp-json\/wp\/v2\/posts\/243233","targetHints":{"allow":["GET"]}}],"collection":[{"href":"https:\/\/www.europesays.com\/ch-fr\/wp-json\/wp\/v2\/posts"}],"about":[{"href":"https:\/\/www.europesays.com\/ch-fr\/wp-json\/wp\/v2\/types\/post"}],"author":[{"embeddable":true,"href":"https:\/\/www.europesays.com\/ch-fr\/wp-json\/wp\/v2\/users\/2"}],"replies":[{"embeddable":true,"href":"https:\/\/www.europesays.com\/ch-fr\/wp-json\/wp\/v2\/comments?post=243233"}],"version-history":[{"count":0,"href":"https:\/\/www.europesays.com\/ch-fr\/wp-json\/wp\/v2\/posts\/243233\/revisions"}],"wp:featuredmedia":[{"embeddable":true,"href":"https:\/\/www.europesays.com\/ch-fr\/wp-json\/wp\/v2\/media\/243234"}],"wp:attachment":[{"href":"https:\/\/www.europesays.com\/ch-fr\/wp-json\/wp\/v2\/media?parent=243233"}],"wp:term":[{"taxonomy":"category","embeddable":true,"href":"https:\/\/www.europesays.com\/ch-fr\/wp-json\/wp\/v2\/categories?post=243233"},{"taxonomy":"post_tag","embeddable":true,"href":"https:\/\/www.europesays.com\/ch-fr\/wp-json\/wp\/v2\/tags?post=243233"}],"curies":[{"name":"wp","href":"https:\/\/api.w.org\/{rel}","templated":true}]}}