{"id":243249,"date":"2026-08-02T20:06:18","date_gmt":"2026-08-02T20:06:18","guid":{"rendered":"https:\/\/www.europesays.com\/ch-fr\/243249\/"},"modified":"2026-08-02T20:06:18","modified_gmt":"2026-08-02T20:06:18","slug":"choisissez-les-vestiges-historiques-desertes-de-touristes-de-lombrie-plutot-que-la-toscane","status":"publish","type":"post","link":"https:\/\/www.europesays.com\/ch-fr\/243249\/","title":{"rendered":"Choisissez les vestiges historiques d\u00e9sert\u00e9s de touristes de l\u2019Ombrie plut\u00f4t que la Toscane"},"content":{"rendered":"<p>Le c\u0153ur vert de la Botte sort de l\u2019ombre de sa prestigieuse voisine, tout aussi s\u00e9duisante avec ses villages perch\u00e9s, ses fresques et ses bons vins. Avanti !<\/p>\n<p>Ces banquiers italiens ne se doutaient s\u00fbrement pas que leur salle d\u2019audience traverserait ainsi les si\u00e8cles. En 1496, la corporation des changeurs de monnaie de P\u00e9rouse, capitale de l\u2019Italie, se voit attribuer des locaux au Palazzo dei Priori. L\u2019Arte del Cambio fait appel \u00e0 l\u2019artiste le plus demand\u00e9 du pays\u202f: Pietro di\u202fCristoforo Vannucci, dit Le\u202fP\u00e9rugin, n\u00e9 \u00e0 quarante kilom\u00e8tres de l\u00e0.<\/p>\n<p>Le peintre va bient\u00f4t f\u00eater ses 50\u202fans. Face au succ\u00e8s, il a ouvert deux ateliers, l\u2019un \u00e0 Florence, puissante capitale de la <a href=\"https:\/\/www.latribune.fr\/depeches\/reuters\/KBN2P913Z\/italie-l-huile-d-olive-et-le-vin-de-toscane-impactes-par-la-secheresse.html\" target=\"_blank\" rel=\"noopener noreferrer nofollow\" article-id=\"10617918242072\">Toscane<\/a> voisine o\u00f9 il s\u2019est form\u00e9, l\u2019autre \u00e0 P\u00e9rouse. Et si, \u00e0 son image, le voyageur contemporain s\u2019\u00e9mancipait de ce phare de l\u2019art de la Renaissance pour explorer cette Ombrie hors des radars\u2009?\u00a0<\/p>\n<p><a target=\"_self\" href=\"https:\/\/www.latribune.fr\/article\/la-tribune-dimanche\/dimanche-eco\/18148284173901\/histoires-de-famille-1-7-cacolac-le-gout-de-l-enfance-qui-a-conquis-la-france-entiere\" rel=\"nofollow noopener\"><\/p>\n<p class=\"text-[12px] mb-[12px] font-bold ltd:leading-[16px]\">A LIRE AUSSI<\/p>\n<p class=\"text-[20px] ac:text-[18px] leading-[120%] ac:leading-[130%] text-lt-primary-dark ac:text-ac-primary font-slab font-bold ltd:font-semibold ltd:tracking-[-0.4px] ac:font-ac-slab ltd:font-ltd-slab\">Histoires de famille (1\/7) \u2013 Cacolac, le go\u00fbt de l\u2019enfance qui a conquis la France enti\u00e8re<\/p>\n<p><\/a><\/p>\n<p>Sur les fresques du Collegio del\u202fCambio de P\u00e9rouse, Le\u202fP\u00e9rugin a repr\u00e9sent\u00e9 p\u00eale-m\u00eale des h\u00e9ros antiques, le Christ, des Vertus et des sujets civils. Son autoportrait tr\u00f4ne sur un pilier, cheveux mi-longs et tunique noire. Sur le m\u00eame mur, un personnage au geste d\u00e9licat serait peut-\u00eatre sign\u00e9 Rapha\u00ebl, jeune apprenti aupr\u00e8s du ma\u00eetre. \u00ab\u202fCe d\u00e9cor symbolise la naissance d\u2019un esprit la\u00efque et humaniste toujours propre \u00e0 la ville\u202f\u00bb, rel\u00e8ve Ambra Antonelli, arch\u00e9ologue qui aide \u00e0 d\u00e9crypter le mille-feuilles que repr\u00e9sente P\u00e9rouse.<\/p>\n<p>Sur cette colline entour\u00e9e de cypr\u00e8s et de champs dor\u00e9s, les vestiges historiques se superposent depuis les \u00c9trusques jusqu\u2019\u00e0 l\u2019unification italienne, au XIXe\u202fsi\u00e8cle. Une s\u00e9rie d\u2019escalators m\u00e8ne \u00e0 un labyrinthe de ruelles m\u00e9di\u00e9vales investies par une joyeuse nu\u00e9e d\u2019\u00e9tudiants. On se r\u00e9gale d\u2019une gelato al limone e pistacchio devant la vitrine d\u2019une boutique de cachemires d\u2019Ombrie, h\u00e9ritage d\u2019une tradition textile s\u00e9culaire.<\/p>\n<p>Apr\u00e8s avoir admir\u00e9 la fontaine Maggiore, chef d\u2019\u0153uvre de <a href=\"https:\/\/www.latribune.fr\/economie\/france\/notre-dame-de-paris-les-metiers-de-l-artisanat-au-coeur-de-la-reouverture-de-la-cathedrale-1013295.html\" target=\"_blank\" rel=\"noopener noreferrer nofollow\" article-id=\"1112165575369814\">l\u2019art gothique<\/a>, on descend une succession de vol\u00e9es de marches pour gagner l\u2019\u00e9glise Saint-Pierre, \u00e0 l\u2019int\u00e9rieur fabuleux. \u00ab\u202fJe vais fermer mais, allez, je vous accorde dix minutes\u202f: on est souvent en contact avec le <a href=\"https:\/\/www.latribune.fr\/article\/la-tribune-dimanche\/culture-lifestyle\/12555829464282\/au-musee-du-louvre-lart-reprend-ses-droits-avec-lexposition-de-jacques-louis-david\" target=\"_self\" article-id=\"12555829464282\" rel=\"nofollow noopener\">Louvre<\/a>\u202f\u00bb, lance tout sourire l\u2019homme \u00e0 l\u2019accueil, reflet de cette dolce vita \u00e0 l\u2019ombrienne. \u00ab\u202fNous restons une classe moyenne qui privil\u00e9gie la qualit\u00e9 de vie et prend le temps de partager des repas dans un rapport harmonieux avec la nature, souligne Ambra Antonelli. Comme si le business nous importait peu sur une terre port\u00e9e par la spiritualit\u00e9.\u202f\u00bb<\/p>\n<p>NewsletterLa Tribune Dimanche<\/p>\n<p class=\"text-2xl mb-[16px]\">Chaque dimanche, l\u2019essentiel de l\u2019actualit\u00e9 \u00e9conomique, politique et soci\u00e9tale.<\/p>\n<p>S&rsquo;inscrireS&rsquo;inscrireS&rsquo;inscrire<img alt=\"Illustration de la newsletter La Tribune Dimanche\" loading=\"lazy\" decoding=\"async\" data-nimg=\"fill\" class=\"relative! rounded-xl\" style=\"position:absolute;height:100%;width:100%;left:0;top:0;right:0;bottom:0;object-fit:cover;color:transparent\"   src=\"https:\/\/www.europesays.com\/ch-fr\/wp-content\/uploads\/2026\/08\/la-tribune-dimanche.png\"\/><\/p>\n<p>Une ville-sanctuaire&#13;\n<\/p>\n<p>La ville-sanctuaire d\u2019Assise n\u2019est \u00e9loign\u00e9e que d\u2019une vingtaine de kilom\u00e8tres. Dans la basilique Saint-Fran\u00e7ois, le Toscan Giotto contribua \u00e0 infl\u00e9chir la rigueur byzantine vers un art empreint d\u2019\u00e9motion, ressenti avec bucolisme devant son Saint Fran\u00e7ois pr\u00eachant aux oiseaux. La ville-sanctuaire abrite aussi le tombeau de sainte Claire tandis que, plein est, les monts Sibyllins ont vu na\u00eetre saint Beno\u00eet, pas si loin de Cascia qui entretient le souvenir de sainte Rita. Entre deux, de merveilleux villages m\u00e9di\u00e9vaux s\u2019\u00e9gr\u00e8nent d\u2019une colline \u00e0 l\u2019autre\u2009: Todi, Orvieto, Spoleto, Gubbio\u2026<\/p>\n<p>\u00ab\u202fDans notre guide sur la <a href=\"https:\/\/www.latribune.fr\/la-tribune-dimanche\/culture-et-tendances\/gastronomie-sorties\/decouvrir-l-entre-deux-mers-la-petite-toscane-des-vignes-bordelaises-1029784.html\" target=\"_blank\" rel=\"noopener noreferrer nofollow\" article-id=\"2489624945605814\">Toscane<\/a>, nous ne cessons d\u2019\u00e9toffer les pages consacr\u00e9es \u00e0 l\u2019Ombrie et aux Marches\u202f\u00bb, note Philippe Orain, directeur des guides de voyage Michelin. Ainsi, le nouvel opus qui sortira en septembre est-il tout simplement intitul\u00e9 Le Grand Tour. Voyage h\u00e9doniste en Italie, Centre, incluant l\u2019Ombrie. Sur la couverture, une statue antique porte des lunettes de soleil, touche glamour que l\u2019on retrouve dans le paragraphe consacr\u00e9 \u00e0 Citt\u00e0 di Castello, ville natale de Monica Belluci.<\/p>\n<p>Sous ce soleil m\u00e9diterran\u00e9en, on s\u2019offre un effet brumisateur devant la cascade de Marmore, cr\u00e9\u00e9e au IIIe\u202fsi\u00e8cle av.\u202fJ.-C. par les Romains. Le vaste lac Trasim\u00e8ne restant peu propice \u00e0 la baignade, on pr\u00e9f\u00e9rera le contempler en arri\u00e8re-plan des fresques du P\u00e9rugin, celles-l\u00e0 m\u00eame qui se trouvent au Collegio del Cambio de P\u00e9rouse.\u202f<\/p>\n<p><a target=\"_self\" href=\"https:\/\/www.latribune.fr\/article\/la-tribune-dimanche\/dimanche-eco\/11274993933299\/le-tourisme-representera-10-du-pib-francais-en-2026-de-notre-dame-aux-concerts-de-celine-dion-la-france-continue-dattirer-les-visiteurs\" rel=\"nofollow noopener\"><\/p>\n<p class=\"text-[12px] mb-[12px] font-bold ltd:leading-[16px]\">A LIRE AUSSI<\/p>\n<p class=\"text-[20px] ac:text-[18px] leading-[120%] ac:leading-[130%] text-lt-primary-dark ac:text-ac-primary font-slab font-bold ltd:font-semibold ltd:tracking-[-0.4px] ac:font-ac-slab ltd:font-ltd-slab\">\u00ab Le tourisme pourra, \u00e0 terme, repr\u00e9senter 10\u202f% du PIB fran\u00e7ais \u00bb : de Notre Dame aux concerts de C\u00e9line Dion, la France continue d&rsquo;attirer les visiteurs<\/p>\n<p><\/a><\/p>\n<p>Jean-Fran\u00e7ois Rial, PDG du groupe Voyageur du monde : \u00ab\u202fLa recherche du vrai\u202f\u00bb&#13;\n<\/p>\n<p>\u00ab\u202fL\u2019Ombrie, c\u2019est la Toscane sans les touristes. En Italie, on ne veut pas tous se retrouver sur le Ponte Vecchio \u00e0 Florence. Il faut oser le pas de c\u00f4t\u00e9 dans ce pays o\u00f9 l\u2019art et la beaut\u00e9 sont partout. Dans cet esprit, quand je vais \u00e0 Amorgos au printemps ou \u00e0 l\u2019automne, cette Gr\u00e8ce des ann\u00e9es 1970 avec son caf\u00e9, son \u00e9picerie, je suis dans le vrai. Je vis comme un local, sans que ce soit superficiel. Ce qui ne fonctionnerait pas forc\u00e9ment \u00e0 <a href=\"https:\/\/www.latribune.fr\/article\/la-tribune-dimanche\/culture-lifestyle\/gastronomie-sorties\/33799515792732\/un-ete-en-grece-optez-pour-le-peloponnese-plutot-que-les-cyclades\" target=\"_self\" article-id=\"33799515792732\" rel=\"nofollow noopener\">Mykonos<\/a> ou \u00e0 Santorin. <\/p>\n<p>Le luxe de demain, c\u2019est un luxe non ostentatoire \u00e0 la recherche d\u2019un instant, d\u2019une \u00e9motion. De nouvelles adresses affichent une vulgarit\u00e9 qui me heurte spirituellement. J\u2019appelle \u00e7a le syndrome du Bosphore\u2009: \u00e0 Istanbul, des palais sublimes ont \u00e9t\u00e9 r\u00e9nov\u00e9s sur une rive devenue l\u2019un des endroits les plus chers au monde, transform\u00e9s en h\u00f4tels dans le respect de l\u2019architecture ext\u00e9rieure mais, \u00e0 l\u2019int\u00e9rieur, tous les m\u00eames, dans un luxe standardis\u00e9. On pourrait se croire \u00e0 Duba\u00ef. Le nouveau chic, c\u2019est la recherche du vrai.\u202f\u00bb<\/p>\n<p>Carnet d\u2019adresses&#13;\n<\/p>\n<p><img alt=\"La piscine du Roccafiore.\" loading=\"lazy\" decoding=\"async\" data-nimg=\"fill\" class=\"relative! lt:rounded-lg\" style=\"position:absolute;height:100%;width:100%;left:0;top:0;right:0;bottom:0;object-fit:cover;color:transparent\" src=\"https:\/\/www.europesays.com\/ch-fr\/wp-content\/uploads\/2026\/08\/la-piscine-du-roccafiore-1785513221_758ea9f8bc6a6798ea9f8bc6a4d8eav_.jpg\"\/>La piscine du Roccafiore. (Cr\u00e9dits : LTD \/ Roccafiore)<\/p>\n<p>La vue depuis sa piscine est fabuleuse, avec l\u2019impression de nager au milieu d\u2019un oc\u00e9an de vignes dans cette Ombrie c\u00e9l\u00e8bre pour le rouge de Montefalco ou le blanc d\u2019Orvieto. Sur la colline d\u2019en face, Todi tr\u00f4ne sur sa colline, ch\u00e8re au c\u0153ur de Jean d\u2019Ormesson. Chambre \u00e0 partir de 160\u202feuros la nuit, petit d\u00e9jeuner inclus.<br \/>\ud83d\udccd Via Chioano, 06059 Todi, Perugia<br \/>\ud83d\udcf1 +39 075 894 2416<br \/>roccafiore.it<\/p>\n<p>Nun Assisi Relais &amp; Spa<\/p>\n<p><img alt=\"Le relais de Nun Assisi.\" loading=\"lazy\" decoding=\"async\" data-nimg=\"fill\" class=\"relative! lt:rounded-lg\" style=\"position:absolute;height:100%;width:100%;left:0;top:0;right:0;bottom:0;object-fit:cover;color:transparent\" src=\"https:\/\/www.europesays.com\/ch-fr\/wp-content\/uploads\/2026\/08\/le-relais-de-nun-assisi-1785513221_c445a9f8bc6a6b845a9f8bc6a8c45av_.jpg\"\/>Le relais de Nun Assisi. (Cr\u00e9dits : LTD \/ Nun Assisi Relais &amp; Spa)<\/p>\n<p>Dans l\u2019enceinte de la ville d\u2019Assise, cet h\u00f4tel a \u00e9t\u00e9 am\u00e9nag\u00e9 dans un monast\u00e8re du XIIIe\u202fsi\u00e8cle, ses anciennes cellules transform\u00e9es en chambres au style minimaliste. Le spa avec vaste bain bouillonnant a \u00e9t\u00e9 am\u00e9nag\u00e9 au milieu de ruines romaines. Table gastronomique, Benedikto Osteria, avec vue panoramique sur Assise. Double \u00e0 partir de 735\u202feuros, petit d\u00e9jeuner inclus.<br \/>\ud83d\udccd Via Eremo delle Carceri, 1A, 06181 Assisi, Perugia<br \/>\ud83d\udcf1 +39 075 815 5150<br \/>nunassisi.com<\/p>\n<p>Borgo dei Conti Resort<\/p>\n<p><img alt=\"Le relais ch\u00e2teau Borgo dei Conti.\" loading=\"lazy\" decoding=\"async\" data-nimg=\"fill\" class=\"relative! lt:rounded-lg\" style=\"position:absolute;height:100%;width:100%;left:0;top:0;right:0;bottom:0;object-fit:cover;color:transparent\" src=\"https:\/\/www.europesays.com\/ch-fr\/wp-content\/uploads\/2026\/08\/le-relais-chateau-borgo-dei-conti-1785513221_df2cae4bbc6a62c3cae4bbc6aca4cav_.jpg\"\/>Le relais ch\u00e2teau Borgo dei Conti. (Cr\u00e9dits : LTD \/ Borgo dei Conti Resort)<\/p>\n<p>Ce superbe Relais et Ch\u00e2teau est perdu en plein campagne, \u00e0 une demi-heure de route de P\u00e9rouse. On se prom\u00e8ne dans ses bois puis on pique une t\u00eate dans sa grande piscine, en tapant la causette avec son ma\u00eetre-nageur, \u00e0 l\u2019italienne. A\u202fpartir de 722\u202feuros la double, petit d\u00e9jeuner inclus.<br \/>\ud83d\udccd Strada Tavernelle Castiglione della Valle\u202f606132 Boschetto Vecchio, Perugia\u00a0<br \/>\ud83d\udcf1 +39 075 600 338<br \/>borgodeicontiresort.com<\/p>\n<p>Y aller<br \/>En voiture, l\u2019Ombrie se situe sur la route de l\u2019Italie depuis la France. En avion, depuis Florence ou Rome, location de voiture sur place.<\/p>\n<p><a href=\"https:\/\/www.latribune.fr\/article\/la-tribune-dimanche\/culture-lifestyle\/gastronomie-sorties\/22271698809339\/a-l-ecart-du-luxe-ostentatoire-choisir-sils-maria-plutot-que-saint-moritz\" target=\"_blank\" rel=\"noopener noreferrer nofollow\" article-id=\"22271698809339\">\u00c0 l&rsquo;\u00e9cart du luxe ostentatoire, choisir Sils Maria plut\u00f4t que Saint-Moritz<\/a><\/p>\n<p>La semaine prochaine Minorque en Espagne<\/p>\n","protected":false},"excerpt":{"rendered":"Le c\u0153ur vert de la Botte sort de l\u2019ombre de sa prestigieuse voisine, tout aussi s\u00e9duisante avec ses&hellip;\n","protected":false},"author":2,"featured_media":243250,"comment_status":"","ping_status":"","sticky":false,"template":"","format":"standard","meta":{"footnotes":"","_share_on_mastodon":"0"},"categories":[10],"tags":[449,53509,113,112,2423,23],"class_list":["post-243249","post","type-post","status-publish","format-standard","has-post-thumbnail","category-divertissement","tag-449","tag-choisissez-les-vestiges-historiques-desertes-de-touristes-de-lombrie-plutot-que-la-toscane","tag-divertissement","tag-entertainment","tag-la-tribune-dimanche","tag-suisse"],"share_on_mastodon":{"url":"https:\/\/pubeurope.com\/@ch_fr\/117027719984224288","error":""},"_links":{"self":[{"href":"https:\/\/www.europesays.com\/ch-fr\/wp-json\/wp\/v2\/posts\/243249","targetHints":{"allow":["GET"]}}],"collection":[{"href":"https:\/\/www.europesays.com\/ch-fr\/wp-json\/wp\/v2\/posts"}],"about":[{"href":"https:\/\/www.europesays.com\/ch-fr\/wp-json\/wp\/v2\/types\/post"}],"author":[{"embeddable":true,"href":"https:\/\/www.europesays.com\/ch-fr\/wp-json\/wp\/v2\/users\/2"}],"replies":[{"embeddable":true,"href":"https:\/\/www.europesays.com\/ch-fr\/wp-json\/wp\/v2\/comments?post=243249"}],"version-history":[{"count":0,"href":"https:\/\/www.europesays.com\/ch-fr\/wp-json\/wp\/v2\/posts\/243249\/revisions"}],"wp:featuredmedia":[{"embeddable":true,"href":"https:\/\/www.europesays.com\/ch-fr\/wp-json\/wp\/v2\/media\/243250"}],"wp:attachment":[{"href":"https:\/\/www.europesays.com\/ch-fr\/wp-json\/wp\/v2\/media?parent=243249"}],"wp:term":[{"taxonomy":"category","embeddable":true,"href":"https:\/\/www.europesays.com\/ch-fr\/wp-json\/wp\/v2\/categories?post=243249"},{"taxonomy":"post_tag","embeddable":true,"href":"https:\/\/www.europesays.com\/ch-fr\/wp-json\/wp\/v2\/tags?post=243249"}],"curies":[{"name":"wp","href":"https:\/\/api.w.org\/{rel}","templated":true}]}}