{"id":243281,"date":"2026-08-02T20:38:42","date_gmt":"2026-08-02T20:38:42","guid":{"rendered":"https:\/\/www.europesays.com\/ch-fr\/243281\/"},"modified":"2026-08-02T20:38:42","modified_gmt":"2026-08-02T20:38:42","slug":"bernard-de-la-villardiere-et-ses-fils-il-adore-son-role-de-grand-pere-beaucoup-plus-quil-ne-veut-bien-ladmettre","status":"publish","type":"post","link":"https:\/\/www.europesays.com\/ch-fr\/243281\/","title":{"rendered":"Bernard de La\u202fVillardi\u00e8re et ses fils\u00a0 : \u00ab Il adore son r\u00f4le de grand-p\u00e8re, beaucoup plus qu&rsquo;il ne veut bien l&rsquo;admettre \u202f\u00bb"},"content":{"rendered":"<p>Il nous donne rendez-vous dans un club de sport du bois de Boulogne. \u00c0 quelques centaines de m\u00e8tres de l\u00e0, <a href=\"https:\/\/latribune.fr\/la-tribune-dimanche\/culture-et-tendances\/cinema-ecrans\/bernard-de-la-villardiere-si-j-avais-eu-dix-ans-de-plus-j-aurais-ete-soixante-huitard-1027153.html\" target=\"_self\" article-id=\"20619165566199\" rel=\"nofollow noopener\">Bernard de La<\/a>\u202f<a href=\"https:\/\/latribune.fr\/la-tribune-dimanche\/culture-et-tendances\/cinema-ecrans\/bernard-de-la-villardiere-si-j-avais-eu-dix-ans-de-plus-j-aurais-ete-soixante-huitard-1027153.html\" target=\"_self\" article-id=\"20619165566199\" rel=\"nofollow noopener\">Villardi\u00e8re<\/a> a souvent trouv\u00e9 la mati\u00e8re de ses reportages les plus marquants. Mais cet apr\u00e8s-midi, le journaliste troque ses p\u00e9r\u00e9grinations du bout de la nuit contre une affaire de famille. Face\u202f\u00e0 Marc, 37\u202fans, et R\u00e9mi, 34\u202fans, deux de ses quatre enfants, le costume du grand reporter se froisse quelque peu. On d\u00e9couvre un p\u00e8re comp\u00e9titeur, un grand-p\u00e8re pouponneur, un\u202fmaniaque revendiqu\u00e9 et, plus surprenant encore, un \u00ab\u202fgros d\u00e9conneur\u202f\u00bb. Bref, un Bernard un peu moins lisse que sa l\u00e9gendaire raie sur le c\u00f4t\u00e9. Le tout sans cam\u00e9ra cach\u00e9e ni musique anxiog\u00e8ne.<\/p>\n<p>LA TRIBUNE DIMANCHE \u2013 On ne va pas commencer l\u2019interview sans que vous, Marc et R\u00e9mi, balanciez un dossier sur votre p\u00e8re\u2026<br \/>Marc Quand je suis arriv\u00e9 dans la soci\u00e9t\u00e9 comme enqu\u00eateur, puis cameraman, je savais que je serais attendu au tournant. Si ma place avait \u00e9t\u00e9 contest\u00e9e, je ne serais plus l\u00e0 quatorze ans plus tard.<br \/>Bernard Ce qu\u2019on me rapportait souvent de Marc, c\u2019est qu\u2019il ne se comportait jamais comme le fils du patron. Et je n\u2019ai jamais entendu dire que mes enfants profitaient de leur nom.<br \/>R\u00e9mi Moi, je n\u2019ai rien \u00e0 voir avec le journalisme. Je travaille dans l\u2019e-commerce et notre petit fr\u00e8re Nicolas dans le marketing digital. Je suis l\u2019avant-dernier, et ce n\u2019est jamais simple de trouver sa place dans une fratrie. La mienne, en tout cas n\u2019est pas chez Ligne de Front\u2009! [Rires.]<\/p>\n","protected":false},"excerpt":{"rendered":"Il nous donne rendez-vous dans un club de sport du bois de Boulogne. \u00c0 quelques centaines de m\u00e8tres&hellip;\n","protected":false},"author":2,"featured_media":243282,"comment_status":"","ping_status":"","sticky":false,"template":"","format":"standard","meta":{"footnotes":"","_share_on_mastodon":"0"},"categories":[15],"tags":[449,53517,158,157,113,112,2423,159,23],"class_list":["post-243281","post","type-post","status-publish","format-standard","has-post-thumbnail","category-people","tag-449","tag-bernard-de-la-villardiere-et-ses-fils-il-adore-son-role-de-grand","tag-celebrities","tag-celebrity","tag-divertissement","tag-entertainment","tag-la-tribune-dimanche","tag-people","tag-suisse"],"share_on_mastodon":{"url":"https:\/\/pubeurope.com\/@ch_fr\/117027845329403519","error":""},"_links":{"self":[{"href":"https:\/\/www.europesays.com\/ch-fr\/wp-json\/wp\/v2\/posts\/243281","targetHints":{"allow":["GET"]}}],"collection":[{"href":"https:\/\/www.europesays.com\/ch-fr\/wp-json\/wp\/v2\/posts"}],"about":[{"href":"https:\/\/www.europesays.com\/ch-fr\/wp-json\/wp\/v2\/types\/post"}],"author":[{"embeddable":true,"href":"https:\/\/www.europesays.com\/ch-fr\/wp-json\/wp\/v2\/users\/2"}],"replies":[{"embeddable":true,"href":"https:\/\/www.europesays.com\/ch-fr\/wp-json\/wp\/v2\/comments?post=243281"}],"version-history":[{"count":0,"href":"https:\/\/www.europesays.com\/ch-fr\/wp-json\/wp\/v2\/posts\/243281\/revisions"}],"wp:featuredmedia":[{"embeddable":true,"href":"https:\/\/www.europesays.com\/ch-fr\/wp-json\/wp\/v2\/media\/243282"}],"wp:attachment":[{"href":"https:\/\/www.europesays.com\/ch-fr\/wp-json\/wp\/v2\/media?parent=243281"}],"wp:term":[{"taxonomy":"category","embeddable":true,"href":"https:\/\/www.europesays.com\/ch-fr\/wp-json\/wp\/v2\/categories?post=243281"},{"taxonomy":"post_tag","embeddable":true,"href":"https:\/\/www.europesays.com\/ch-fr\/wp-json\/wp\/v2\/tags?post=243281"}],"curies":[{"name":"wp","href":"https:\/\/api.w.org\/{rel}","templated":true}]}}