{"id":243335,"date":"2026-08-02T21:44:24","date_gmt":"2026-08-02T21:44:24","guid":{"rendered":"https:\/\/www.europesays.com\/ch-fr\/243335\/"},"modified":"2026-08-02T21:44:24","modified_gmt":"2026-08-02T21:44:24","slug":"un-titre-inattendu-pour-le-quatre-de-couple-feminin-suisse-3","status":"publish","type":"post","link":"https:\/\/www.europesays.com\/ch-fr\/243335\/","title":{"rendered":"Un titre inattendu pour le quatre de couple f\u00e9minin suisse"},"content":{"rendered":"<p>Aviron<\/p>\n<p><img loading=\"lazy\" alt=\"Les rameuses sauvent la mise de la Suisse.\" width=\"8640\" height=\"5760\" decoding=\"async\" data-nimg=\"1\" style=\"color:transparent\"   src=\"https:\/\/www.europesays.com\/ch-fr\/wp-content\/uploads\/2026\/08\/36eb5a43-9efb-4e22-9a79-1c38f65cfeb0.jpg\"\/><\/p>\n<p class=\"text-dark-gray text-small mt-2\">Les rameuses sauvent la mise de la Suisse.<\/p>\n<p class=\"text-gray text-smaller mt-1 [.ticker-entry_&amp;]:border-b [.ticker-entry_&amp;]:border-aluminum [.ticker-entry_&amp;]:pb-1\">AP<\/p>\n<p class=\"c-stacked-spacing a-paragraph a-paragraph--lead text-h4 leading-26 md:leading-28 text-navy p-4 pb-8 md:px-0 md:pt-8\" data-t-name=\"Paragraph\">La Suisse a d\u00e9croch\u00e9 une seule m\u00e9daille lors des Europ\u00e9ens de Varese. Le quatre de couple f\u00e9minin a cr\u00e9\u00e9 la surprise en d\u00e9crochant le titre samedi, alors que le deux sans barreur Patrick Brunner\/Jonah Plock a d\u00e9\u00e7u en terminant 5e de la finale.<\/p>\n<p><img alt=\"Keystone-ATS\" loading=\"lazy\" width=\"40\" height=\"40\" decoding=\"async\" data-nimg=\"1\" class=\"h-full w-full rounded-full object-cover\" style=\"color:transparent\"  src=\"https:\/\/bluewin-prod-sc-images.imgix.net\/2026\/04\/07\/587e954f-f16e-4287-aa35-2044c2550028.heif?w=96&amp;auto=format&amp;s=98034066b6bd6ea59d6a7b700c2d15ff\"\/><\/p>\n<p class=\"author-names text-navy text-small\">Keystone-ATS<\/p>\n<p><img alt=\"\" aria-hidden=\"true\" loading=\"lazy\" width=\"12\" height=\"12\" decoding=\"async\" data-nimg=\"1\" class=\"mr-1 h-3 w-3\" style=\"color:transparent\"  src=\"https:\/\/www.bluewin.ch\/_next\/static\/media\/021-clock.24ldz2iukf4_m.svg?w=32\"\/>Aujourd&rsquo;hui \u00e0 15:31<\/p>\n<p class=\"c-paragraph text-standard wrap-break-word text-dark-gray font-thesans w-full\">Le titre conquis par Lisa L\u00f6tscher, Flavia L\u00f6tscher, la Genevoise C\u00e9lia Dupr\u00e9 et Nina Wettstein est tout simplement historique. C&rsquo;est en effet la premi\u00e8re fois que Swiss Rowing f\u00eate un titre international dans l&rsquo;\u00e9lite gr\u00e2ce \u00e0 un quatuor f\u00e9minin. Un quatuor par ailleurs nouvellement form\u00e9.<\/p>\n<p class=\"c-paragraph text-standard wrap-break-word text-dark-gray font-thesans w-full\">Associ\u00e9es pour la premi\u00e8re fois il y a un peu plus d&rsquo;un mois en Coupe du monde sur le Rotsee, avec un 5e rang \u00e0 la cl\u00e9, les quatre jeunes femmes ont ma\u00eetris\u00e9 leur sujet en finale. Troisi\u00e8mes apr\u00e8s 500, 1000 et 1500 m\u00e8tres, elles ont produit leur effort dans les 500 derniers m\u00e8tres pour devancer de 0\u00a0\u00bb68 l&rsquo;Allemagne, 2e.<\/p>\n<p class=\"c-paragraph text-standard wrap-break-word text-dark-gray font-thesans w-full\">Pour C\u00e9lia Dupr\u00e9, il s&rsquo;agit de la deuxi\u00e8me m\u00e9daille dans un grand rendez-vous international. La Genevoise (25 ans le 30 ao\u00fbt prochain) avait cueilli le bronze en deux de couple mixte lors des championnats du monde 2025 \u00e0 Shanghai, au c\u00f4t\u00e9 du Vaudois Rapha\u00ebl Ahumada.<\/p>\n<p>Brunner\/Plock \u00e0 7\u00a0\u00bb du podium<\/p>\n<p class=\"c-paragraph text-standard wrap-break-word text-dark-gray font-thesans w-full\">La d\u00e9ception est en revanche grande pour le deux sans barreur Patrick Brunner\/Jonah Plock, candidat d\u00e9clar\u00e9 au podium. Le Lucernois et le St-Gallois, en bronze lors des Mondiaux 2025 \u00e0 Shanghai, ont manqu\u00e9 leur affaire et doivent se contenter d&rsquo;un 5e rang \u00e0 plus de 7\u00a0\u00bb du podium.<\/p>\n<p class=\"c-paragraph text-standard wrap-break-word text-dark-gray font-thesans w-full\">Les autres bateaux suisses engag\u00e9s dans des finales n&rsquo;ont pas non plus sign\u00e9 d&rsquo;exploit. Samedi, le deux de couple Salome Ulrich\/Fabienne Schweizer s&rsquo;est class\u00e9 4e mais n&rsquo;a jamais sembl\u00e9 en mesure de d\u00e9crocher une m\u00e9daille. Le deux sans barreuse Olivia Roth\/Sofia Meakin a pour sa part pris la 6e place.<\/p>\n<p class=\"c-paragraph text-standard wrap-break-word text-dark-gray font-thesans w-full\">Les rameurs suisses n&rsquo;ont pas connu plus de r\u00e9ussite dimanche dans les finales de skiff. Le Lucernois Kai Sch\u00e4tzle et la Bernoise Aurelia-Maxima Janzen ont tous deux d\u00fb se contenter du 6e et dernier rang. La Suisse a tout de m\u00eame obtenu une m\u00e9daille dimanche gr\u00e2ce \u00e0 la para-athl\u00e8te Claire Ghiringhelli, qui s&rsquo;est par\u00e9e de bronze.<\/p>\n","protected":false},"excerpt":{"rendered":"Aviron Les rameuses sauvent la mise de la Suisse. AP La Suisse a d\u00e9croch\u00e9 une seule m\u00e9daille lors&hellip;\n","protected":false},"author":2,"featured_media":243336,"comment_status":"","ping_status":"","sticky":false,"template":"","format":"standard","meta":{"footnotes":"","_share_on_mastodon":"0"},"categories":[8],"tags":[15897,75,23],"class_list":["post-243335","post","type-post","status-publish","format-standard","has-post-thumbnail","category-sports","tag-aviron","tag-sports","tag-suisse"],"share_on_mastodon":{"url":"https:\/\/pubeurope.com\/@ch_fr\/117028105261123768","error":""},"_links":{"self":[{"href":"https:\/\/www.europesays.com\/ch-fr\/wp-json\/wp\/v2\/posts\/243335","targetHints":{"allow":["GET"]}}],"collection":[{"href":"https:\/\/www.europesays.com\/ch-fr\/wp-json\/wp\/v2\/posts"}],"about":[{"href":"https:\/\/www.europesays.com\/ch-fr\/wp-json\/wp\/v2\/types\/post"}],"author":[{"embeddable":true,"href":"https:\/\/www.europesays.com\/ch-fr\/wp-json\/wp\/v2\/users\/2"}],"replies":[{"embeddable":true,"href":"https:\/\/www.europesays.com\/ch-fr\/wp-json\/wp\/v2\/comments?post=243335"}],"version-history":[{"count":0,"href":"https:\/\/www.europesays.com\/ch-fr\/wp-json\/wp\/v2\/posts\/243335\/revisions"}],"wp:featuredmedia":[{"embeddable":true,"href":"https:\/\/www.europesays.com\/ch-fr\/wp-json\/wp\/v2\/media\/243336"}],"wp:attachment":[{"href":"https:\/\/www.europesays.com\/ch-fr\/wp-json\/wp\/v2\/media?parent=243335"}],"wp:term":[{"taxonomy":"category","embeddable":true,"href":"https:\/\/www.europesays.com\/ch-fr\/wp-json\/wp\/v2\/categories?post=243335"},{"taxonomy":"post_tag","embeddable":true,"href":"https:\/\/www.europesays.com\/ch-fr\/wp-json\/wp\/v2\/tags?post=243335"}],"curies":[{"name":"wp","href":"https:\/\/api.w.org\/{rel}","templated":true}]}}