{"id":244187,"date":"2026-08-03T13:35:08","date_gmt":"2026-08-03T13:35:08","guid":{"rendered":"https:\/\/www.europesays.com\/ch-fr\/244187\/"},"modified":"2026-08-03T13:35:08","modified_gmt":"2026-08-03T13:35:08","slug":"sandoz-500-millions-de-dollars-pour-solder-des-litiges-aux-usa","status":"publish","type":"post","link":"https:\/\/www.europesays.com\/ch-fr\/244187\/","title":{"rendered":"Sandoz: 500 millions de dollars pour solder des litiges aux USA"},"content":{"rendered":"\n<p>Sandoz verse 478,5 millions de dollars pour r\u00e9gler des litiges avec 43 Etats am\u00e9ricains concernant ses pratiques tarifaires contest\u00e9es.Le groupe pharmaceutique b\u00e2lois a constitu\u00e9 des provisions anticip\u00e9es qui neutralisent l&rsquo;impact financier de cet accord sur ses r\u00e9sultats futurs.Le r\u00e8glement exclut les plaignants individuels qui n&rsquo;ont pas rejoint les proc\u00e9dures collectives contre le fabricant de m\u00e9dicaments g\u00e9n\u00e9riques.<\/p>\n<p>Ce r\u00e9sum\u00e9 a-t-il \u00e9t\u00e9 utile ?<\/p>\n<p>    \u2139\ufe0f R\u00e9sum\u00e9 propos\u00e9 par l&rsquo;IA et valid\u00e9 par nos journalistes. <a class=\"article-summary-info__link\" href=\"https:\/\/www.rts.ch\/entreprise\/2025\/article\/charte-sur-l-utilisation-de-l-ia-a-la-rts-29020587.html\" rel=\"nofollow noopener\" target=\"_blank\">En savoir plus<\/a>  <\/p>\n<p> Masquer  <\/p>\n","protected":false},"excerpt":{"rendered":"Sandoz verse 478,5 millions de dollars pour r\u00e9gler des litiges avec 43 Etats am\u00e9ricains concernant ses pratiques tarifaires&hellip;\n","protected":false},"author":2,"featured_media":244188,"comment_status":"","ping_status":"","sticky":false,"template":"","format":"standard","meta":{"footnotes":"","_share_on_mastodon":"0"},"categories":[6],"tags":[961,45,1156,503,504,44,344,43,222,1159,8853,6178,6179,4942,19109,50790,84,23],"class_list":["post-244187","post","type-post","status-publish","format-standard","has-post-thumbnail","category-economie","tag-accord-pacte-convention","tag-business","tag-centre-de-soins","tag-criminalite","tag-droit-et-justice","tag-economie","tag-economie-et-finances","tag-economy","tag-etats-unis","tag-hopitaux-et-cliniques","tag-industrie-chimique","tag-industrie-des-soins-de-sante","tag-industrie-pharmaceutique","tag-medicament","tag-pharmacie","tag-sandoz","tag-sante","tag-suisse"],"share_on_mastodon":{"url":"https:\/\/pubeurope.com\/@ch_fr\/117031844411901538","error":""},"_links":{"self":[{"href":"https:\/\/www.europesays.com\/ch-fr\/wp-json\/wp\/v2\/posts\/244187","targetHints":{"allow":["GET"]}}],"collection":[{"href":"https:\/\/www.europesays.com\/ch-fr\/wp-json\/wp\/v2\/posts"}],"about":[{"href":"https:\/\/www.europesays.com\/ch-fr\/wp-json\/wp\/v2\/types\/post"}],"author":[{"embeddable":true,"href":"https:\/\/www.europesays.com\/ch-fr\/wp-json\/wp\/v2\/users\/2"}],"replies":[{"embeddable":true,"href":"https:\/\/www.europesays.com\/ch-fr\/wp-json\/wp\/v2\/comments?post=244187"}],"version-history":[{"count":0,"href":"https:\/\/www.europesays.com\/ch-fr\/wp-json\/wp\/v2\/posts\/244187\/revisions"}],"wp:featuredmedia":[{"embeddable":true,"href":"https:\/\/www.europesays.com\/ch-fr\/wp-json\/wp\/v2\/media\/244188"}],"wp:attachment":[{"href":"https:\/\/www.europesays.com\/ch-fr\/wp-json\/wp\/v2\/media?parent=244187"}],"wp:term":[{"taxonomy":"category","embeddable":true,"href":"https:\/\/www.europesays.com\/ch-fr\/wp-json\/wp\/v2\/categories?post=244187"},{"taxonomy":"post_tag","embeddable":true,"href":"https:\/\/www.europesays.com\/ch-fr\/wp-json\/wp\/v2\/tags?post=244187"}],"curies":[{"name":"wp","href":"https:\/\/api.w.org\/{rel}","templated":true}]}}