{"id":245822,"date":"2026-08-04T15:08:07","date_gmt":"2026-08-04T15:08:07","guid":{"rendered":"https:\/\/www.europesays.com\/ch-fr\/245822\/"},"modified":"2026-08-04T15:08:07","modified_gmt":"2026-08-04T15:08:07","slug":"julien-chavaz-2-5-papillonner","status":"publish","type":"post","link":"https:\/\/www.europesays.com\/ch-fr\/245822\/","title":{"rendered":"Julien Chavaz 2\/5 &#8211; Papillonner"},"content":{"rendered":"<p> Tomb\u00e9 dans le chaudron de l\u02b9art lyrique \u00e0 l\u02b9approche de la trentaine, \u00e0 Fribourg, apr\u00e8s avoir exerc\u00e9 mille et un m\u00e9tiers, le metteur en sc\u00e8ne d\u02b9op\u00e9ra Julien Chavaz trace un parcours singulier : du baroque \u00e0 la cr\u00e9ation contemporaine, de l\u02b9op\u00e9rette sovi\u00e9tique aux chants de supporters. Chez lui, la musique passe par une direction d\u02b9acteurs millim\u00e9tr\u00e9e, des formes visuelles fortes et un sens aigu du comique. Sa signature : un th\u00e9\u00e2tre musical incarn\u00e9, m\u00fb par une impulsion intacte depuis l\u02b9enfance : faire rire. A la t\u00eate, depuis 2022, du Th\u00e9\u00e2tre de Magdebourg, apr\u00e8s \u00eatre pass\u00e9 par le Nouvel Op\u00e9ra Fribourg, la compagnie Op\u00e9ra Louise et des grandes sc\u00e8nes internationales, il poursuit une d\u00e9marche qui lui est ch\u00e8re\u00a0: donner corps \u00e0 la musique et faire \u00e9merger le sens de la partition dans le geste des interpr\u00e8tes. <br \/>Une s\u00e9rie de Anya Leveill\u00e9.<\/p>\n<p>Adolescent, Julien Chavaz joue de la fl\u00fbte \u00e0 bec et du hautbois\u2026 Dou\u00e9, mais peu assidu, il abandonne la musique \u00e0 l\u02b9adolescence, pour mieux y revenir plus tard. Entre-temps, il papillonne\u00a0: des tribunes enflamm\u00e9es de Gott\u00e9ron (dont les chants des supporters r\u00e9sonneront une dizaine d\u02b9ann\u00e9es plus tard dans son spectacle Sholololo) aux bancs de l&rsquo;EPFZ o\u00f9 il \u00e9tudie l&rsquo;agronomie, en passant par la politique locale et les nuits festives dans les clubs zurichois.<\/p>\n<p>       Programme musical    <\/p>\n<p>Roger Taylor, Brian May, Freddie Mercury, Freddie Mercury, John Deacon, Brian May, Roger Taylor, QueenAnother one bites the dustEMI, ~ 1987<\/p>\n<p>Roger Taylor, Brian May, Freddie Mercury, Freddie Mercury, John Deacon, Brian May, Roger Taylor, QueenAnother one bites the dustEMI, ~ 1987<\/p>\n","protected":false},"excerpt":{"rendered":"Tomb\u00e9 dans le chaudron de l\u02b9art lyrique \u00e0 l\u02b9approche de la trentaine, \u00e0 Fribourg, apr\u00e8s avoir exerc\u00e9 mille&hellip;\n","protected":false},"author":2,"featured_media":245823,"comment_status":"","ping_status":"","sticky":false,"template":"","format":"standard","meta":{"footnotes":"","_share_on_mastodon":"0"},"categories":[10],"tags":[172,113,112,1724,13124,26944,851,23],"class_list":["post-245822","post","type-post","status-publish","format-standard","has-post-thumbnail","category-divertissement","tag-culture","tag-divertissement","tag-entertainment","tag-entretiens","tag-espace-2","tag-la-vie-a-peu-pres","tag-media-radio","tag-suisse"],"share_on_mastodon":{"url":"https:\/\/pubeurope.com\/@ch_fr\/117037872497565937","error":""},"_links":{"self":[{"href":"https:\/\/www.europesays.com\/ch-fr\/wp-json\/wp\/v2\/posts\/245822","targetHints":{"allow":["GET"]}}],"collection":[{"href":"https:\/\/www.europesays.com\/ch-fr\/wp-json\/wp\/v2\/posts"}],"about":[{"href":"https:\/\/www.europesays.com\/ch-fr\/wp-json\/wp\/v2\/types\/post"}],"author":[{"embeddable":true,"href":"https:\/\/www.europesays.com\/ch-fr\/wp-json\/wp\/v2\/users\/2"}],"replies":[{"embeddable":true,"href":"https:\/\/www.europesays.com\/ch-fr\/wp-json\/wp\/v2\/comments?post=245822"}],"version-history":[{"count":0,"href":"https:\/\/www.europesays.com\/ch-fr\/wp-json\/wp\/v2\/posts\/245822\/revisions"}],"wp:featuredmedia":[{"embeddable":true,"href":"https:\/\/www.europesays.com\/ch-fr\/wp-json\/wp\/v2\/media\/245823"}],"wp:attachment":[{"href":"https:\/\/www.europesays.com\/ch-fr\/wp-json\/wp\/v2\/media?parent=245822"}],"wp:term":[{"taxonomy":"category","embeddable":true,"href":"https:\/\/www.europesays.com\/ch-fr\/wp-json\/wp\/v2\/categories?post=245822"},{"taxonomy":"post_tag","embeddable":true,"href":"https:\/\/www.europesays.com\/ch-fr\/wp-json\/wp\/v2\/tags?post=245822"}],"curies":[{"name":"wp","href":"https:\/\/api.w.org\/{rel}","templated":true}]}}